{"id":224187,"date":"2025-06-27T19:43:09","date_gmt":"2025-06-27T19:43:09","guid":{"rendered":"https:\/\/www.europesays.com\/de\/224187\/"},"modified":"2025-06-27T19:43:09","modified_gmt":"2025-06-27T19:43:09","slug":"bas-und-klingbeil-zu-spd-vorsitzenden-gewaehlt","status":"publish","type":"post","link":"https:\/\/www.europesays.com\/de\/224187\/","title":{"rendered":"Bas und Klingbeil zu SPD-Vorsitzenden gew\u00e4hlt"},"content":{"rendered":"<p class=\"metatextline\">Stand: 27.06.2025 21:19 Uhr<\/p>\n<p class=\"textabsatz columns twelve  m-ten  m-offset-one l-eight l-offset-two\">\n        <strong>Die SPD hat eine neue Doppelspitze: Finanzminister Klingbeil bleibt, Arbeitsministerin Bas kommt dazu. Sie bekam mit 95 Prozent eine deutlich h\u00f6here Zustimmung als der Vizekanzler &#8211; der zuletzt stark in der Kritik stand.<\/strong>\n    <\/p>\n<p class=\"textabsatz m-ten m-offset-one l-eight l-offset-two columns twelve\">\nDie Delegierten der SPD haben auf ihrem <a href=\"https:\/\/www.tagesschau.de\/inland\/innenpolitik\/spd-parteitag-beginn-100.html\" title=\"Bei der SPD geht es beim Parteitag auch um Krieg und Frieden\" rel=\"nofollow noopener\" target=\"_blank\">Parteitag in Berlin<\/a> B\u00e4rbel Bas und Lars Klingbeil zu ihren Vorsitzenden gew\u00e4hlt. Arbeitsministerin Bas folgt in dem Amt auf Saskia Esken. Bas erhielt mit 95 Prozent eine deutlich h\u00f6here Zustimmung als Vizekanzler und Finanzminister Klingbeil, der mit 64,9 Prozent best\u00e4tigt wurde. Sie erhielt 589 von 620 Stimmen, er 402 von 619. Bas dankte &#8222;f\u00fcr das gro\u00dfartige Vertrauen&#8220;.<\/p>\n<p class=\"textabsatz m-ten m-offset-one l-eight l-offset-two columns twelve\">\nKlingbeil schrammte knapp am schlechtesten Ergebnis in der Geschichte der Wahlen zum SPD-Vorsitz vorbei. Oskar Lafontaine hatte 1995 mit 62,6 Prozent die geringste Zustimmung bekommen &#8211; anders als Klingbeil allerdings mit einem Gegenkandidaten: Rudolf Scharping.\u00a0Klingbeil sagte nach seiner Wahl: &#8222;Das Ergebnis ist f\u00fcr mich ein schweres Ergebnis.&#8220; Er h\u00e4tte sich gew\u00fcnscht, &#8222;dass vielleicht der ein oder die andere, die die Nein-Stimme gemacht haben, das auch in der Debatte gesagt h\u00e4tten.&#8220;<\/p>\n<p class=\"textabsatz m-ten m-offset-one l-eight l-offset-two columns twelve\">\nDer 47-j\u00e4hrige Klingbeil hatte nach der Bundestagswahl den Fraktionsvorsitz \u00fcbernommen und sich zum Hauptansprechpartner f\u00fcr Wahlsieger Friedrich Merz (CDU) bei den schwarz-roten Koalitionsverhandlungen gemacht.<\/p>\n<p class=\"textabsatz m-ten m-offset-one l-eight l-offset-two columns twelve\">\nDie bisherige Co-Parteichefin Esken sitzt k\u00fcnftig als einfache Abgeordnete im Bundestag. Das hatte Klingbeil in den vergangenen Wochen harsche Kritik eingebracht. Bei Landesparteitagen rechnete die Basis mit ihm ab und bezeichnete ihn als &#8222;unanst\u00e4ndig&#8220;.<\/p>\n<p>    &#8222;Nicht aus Selbstzweck&#8220; gehandelt<\/p>\n<p class=\"textabsatz m-ten m-offset-one l-eight l-offset-two columns twelve\">\nKlingbeil hatte auf dem Parteitag versichert, er habe &#8222;nicht aus Selbstzweck&#8220; gehandelt, &#8222;sondern weil ich alles daf\u00fcr tun will, dass unsere Partei wieder stark wird&#8220;. Nach der Wahl habe es f\u00fcr ihn nur zwei M\u00f6glichkeiten gegeben: &#8222;Entweder ich h\u00f6re auf oder ich gehe voll in die Verantwortung f\u00fcr die SPD.&#8220;<\/p>\n<p class=\"textabsatz m-ten m-offset-one l-eight l-offset-two columns twelve\">\nDie neu gew\u00e4hlte Parteichefin und Ex-Bundestagspr\u00e4sidentin Bas hatte in Berlin eine mitrei\u00dfende und launige Rede gehalten. Die 57-J\u00e4hrige, die zum linken Parteifl\u00fcgel gez\u00e4hlt wird, rief zum Kampf um Industriearbeitspl\u00e4tze auf und machte sich stark f\u00fcr Parit\u00e4t. Wie die SPD mit Esken umgegangen sei, sei &#8222;kein Glanzst\u00fcck&#8220; gewesen, kritisierte Bas.\u00a0<\/p>\n<p>    Neues Grundsatzprogramm als Ziel<\/p>\n<p class=\"textabsatz m-ten m-offset-one l-eight l-offset-two columns twelve\">\nDie neue Co-Parteichefin steht auch inhaltlich f\u00fcr die angestrebte Neuausrichtung der SPD: Die Sozialdemokraten wollen wieder mehr auf ihre traditionellen Kernthemen setzen und zur Partei der Arbeit werden. Mit dem Parteitag, der bis Sonntag dauert, will die SPD den Prozess f\u00fcr ein neues Grundsatzprogramm ansto\u00dfen.<\/p>\n<p class=\"textabsatz m-ten m-offset-one l-eight l-offset-two columns twelve\">\nNach der Wahl der Doppelspitze stehen f\u00fcr den Abend weitere Abstimmungen auf der Tagesordnung: die Wahl der Vize-Vorsitzenden, des Generalsekret\u00e4rs, Schatzmeisters sowie des Verantwortlichen des Parteivorstandes f\u00fcr die Europ\u00e4ische Union. Vorgesehen als SPD-Generalsekret\u00e4r ist der 33-j\u00e4hrige <a href=\"https:\/\/www.tagesschau.de\/inland\/innenpolitik\/kluessendorf-spd-generalsekretaer-100.html\" title=\"Generalsekret\u00e4r Kl\u00fcssendorf will neues Selbstbewusstsein f\u00fcr die SPD\" rel=\"nofollow noopener\" target=\"_blank\">Tim Kl\u00fcssendorf<\/a>. Er sagte auf dem Parteitag: &#8222;Wir haben nichts sch\u00f6nzureden. Das Ausma\u00df unserer Niederlage ist dramatisch.&#8220; Aber: &#8222;Wir stehen noch&#8220;, so Kl\u00fcssendorf weiter, &#8222;weil die Sozialdemokratie nicht nur einstecken kann, sondern vor allem auch wieder aufstehen kann.&#8220;<\/p>\n<p class=\"textabsatz m-ten m-offset-one l-eight l-offset-two columns twelve\">\nBei der Fortsetzung des Parteitags an diesem Samstag mit Ex-Bundeskanzler Olaf Scholz und der langj\u00e4hrigen Parteivorsitzenden Saskia Esken ist auch die zur\u00fcckliegende Wahlperiode im Fokus.\u00a0Scholz redet am Morgen zu den Delegierten.<\/p>\n<p class=\"textabsatz m-ten m-offset-one l-eight l-offset-two columns twelve\">\nSp\u00e4ter tritt Esken vor den Parteitag. Sie hatte der Stuttgarter Zeitung und den Stuttgarter Nachrichten vor dem Parteitag gesagt, sie habe sicher auch Fehler gemacht. &#8222;Aber die Art, wie H\u00e4me \u00fcber mich ausgek\u00fcbelt worden ist, war unverh\u00e4ltnism\u00e4\u00dfig und w\u00fcrdelos.&#8220;\u00a0<\/p>\n","protected":false},"excerpt":{"rendered":"Stand: 27.06.2025 21:19 Uhr Die SPD hat eine neue Doppelspitze: Finanzminister Klingbeil bleibt, Arbeitsministerin Bas kommt dazu. Sie&hellip;\n","protected":false},"author":2,"featured_media":224188,"comment_status":"","ping_status":"","sticky":false,"template":"","format":"standard","meta":{"footnotes":""},"categories":[2],"tags":[38106,29,1764,30,13,21619,14,15,12,184,10,8,9,11],"class_list":{"0":"post-224187","1":"post","2":"type-post","3":"status-publish","4":"format-standard","5":"has-post-thumbnail","7":"category-deutschland","8":"tag-bas","9":"tag-deutschland","10":"tag-eilmeldung","11":"tag-germany","12":"tag-headlines","13":"tag-klingbeil","14":"tag-nachrichten","15":"tag-news","16":"tag-schlagzeilen","17":"tag-spd","18":"tag-top-news","19":"tag-top-meldungen","20":"tag-topmeldungen","21":"tag-topnews"},"share_on_mastodon":{"url":"https:\/\/pubeurope.com\/@de\/114757042533509965","error":""},"_links":{"self":[{"href":"https:\/\/www.europesays.com\/de\/wp-json\/wp\/v2\/posts\/224187","targetHints":{"allow":["GET"]}}],"collection":[{"href":"https:\/\/www.europesays.com\/de\/wp-json\/wp\/v2\/posts"}],"about":[{"href":"https:\/\/www.europesays.com\/de\/wp-json\/wp\/v2\/types\/post"}],"author":[{"embeddable":true,"href":"https:\/\/www.europesays.com\/de\/wp-json\/wp\/v2\/users\/2"}],"replies":[{"embeddable":true,"href":"https:\/\/www.europesays.com\/de\/wp-json\/wp\/v2\/comments?post=224187"}],"version-history":[{"count":0,"href":"https:\/\/www.europesays.com\/de\/wp-json\/wp\/v2\/posts\/224187\/revisions"}],"wp:featuredmedia":[{"embeddable":true,"href":"https:\/\/www.europesays.com\/de\/wp-json\/wp\/v2\/media\/224188"}],"wp:attachment":[{"href":"https:\/\/www.europesays.com\/de\/wp-json\/wp\/v2\/media?parent=224187"}],"wp:term":[{"taxonomy":"category","embeddable":true,"href":"https:\/\/www.europesays.com\/de\/wp-json\/wp\/v2\/categories?post=224187"},{"taxonomy":"post_tag","embeddable":true,"href":"https:\/\/www.europesays.com\/de\/wp-json\/wp\/v2\/tags?post=224187"}],"curies":[{"name":"wp","href":"https:\/\/api.w.org\/{rel}","templated":true}]}}