{"id":224298,"date":"2025-06-27T20:43:12","date_gmt":"2025-06-27T20:43:12","guid":{"rendered":"https:\/\/www.europesays.com\/de\/224298\/"},"modified":"2025-06-27T20:43:12","modified_gmt":"2025-06-27T20:43:12","slug":"hamburg-polizei-jagt-raudi-radfahrer-jetzt-per-drohne-regional","status":"publish","type":"post","link":"https:\/\/www.europesays.com\/de\/224298\/","title":{"rendered":"Hamburg: Polizei jagt Raudi-Radfahrer jetzt per Drohne | Regional"},"content":{"rendered":"<p>Hamburg &#8211; <b>Jetzt wird sogar aus der Luft Jagd auf Verkehrss\u00fcnder gemacht. Wie die Hamburger Polizei best\u00e4tigt, setzen die Beamten neuerdings eine Hightech-Drohne daf\u00fcr ein.<\/b><\/p>\n<p>Bislang hatte man bei Verkehrskontrollen auf Polizisten als Zeugen oder im Auto versteckte Videotechnik gesetzt. Nun die neue Taktik!<\/p>\n<p><img decoding=\"async\" width=\"992\" height=\"558\" alt=\"Ein Radrennfahrer unterwegs auf einer Stra\u00dfe (SYMBOLBILD)\" src=\"https:\/\/www.europesays.com\/de\/wp-content\/uploads\/2025\/06\/e138e3eb51d4c4d6a2d2bc3ad8dd3f73,25c6e178\"   class=\"landscape\" loading=\"lazy\"\/><\/p>\n<p class=\"fig__caption__text\">Ein Radrennfahrer unterwegs auf einer Stra\u00dfe (SYMBOLBILD)<\/p>\n<p>Foto: Stefan M. Prager<\/p>\n<p>Drohne kreist \u00fcber Ampel<\/p>\n<p>Der j\u00fcngste Einsatzort: Eine Baustelle an der Tatenberger Schleuse. Hier wird der einspurige Verkehr derzeit durch eine Ampel geregelt wird. Viele Radfahrer fuhren einfach weiter oder nutzten verbotswidrig den Gehweg.<\/p>\n<p><b>Polizeisprecher Thilo Marxsen best\u00e4tigt BILD: \u201eBei einer Rotlicht\u00fcberwachung kam auch eine Drohne zum Einsatz. Damit konnten Verst\u00f6\u00dfe beweissichernd dokumentiert werden.\u201c<\/b><\/p>\n<p>Die Bilanz: Seit April wurden bei Schwerpunkteins\u00e4tzen knapp 590 Radfahrer \u00fcberpr\u00fcft und rund 300 Ordnungswidrigkeitsverfahren eingeleitet. <\/p>\n<p>Radfahrern drohen Punkte in Flensburg<\/p>\n<p>Rechts-Referent Roland Huhn warnt auf der Internetseite vom Allgemeinen Deutschen Fahrrad-Club (ADFC): \u201eDas Bu\u00dfgeld f\u00fcr einen einfachen Rotlichtversto\u00df liegt f\u00fcr Radfahrende bei 60 Euro. Werden andere Verkehrsteilnehmende dabei gef\u00e4hrdet, sind es 100 Euro. Bei einem Rotlichtversto\u00df mit Unfallfolge oder Sachbesch\u00e4digung zahlen Radfahrende ein Bu\u00dfgeld von 120 Euro. Zus\u00e4tzlich wird ein Punkt im Fahreignungsregister in Flensburg eingetragen.\u201c<\/p>\n<p><b>War die Ampel l\u00e4nger als eine Sekunde rot, steigt das Bu\u00dfgeld auf 100 Euro. Mit Gef\u00e4hrdung anderer sind es 160 Euro, mit Unfallfolge oder Sachbesch\u00e4digung 180 Euro. Auch hier gibt es einen Punkt in Flensburg.<\/b><\/p>\n<p><img decoding=\"async\" width=\"992\" height=\"558\" alt=\"Die Polizei k\u00fcndigt weitere Kontrollen an\" src=\"https:\/\/www.europesays.com\/de\/wp-content\/uploads\/2025\/06\/a90a5fbcf5d44b0ec49e1ef7490d1eee,82531738\"   class=\"landscape\" loading=\"lazy\"\/><\/p>\n<p class=\"fig__caption__text\">Die Polizei k\u00fcndigt weitere Kontrollen an<\/p>\n<p>Foto: Soeren Stache\/dpa<\/p>\n<p>Kontrollen zeigen Wirkung<\/p>\n<p><b>Polizeisprecher Marxsen: \u201eDie Kontrollen haben einen R\u00fcckgang der Verst\u00f6\u00dfe erkennen lassen. Auch Kraftfahrzeugf\u00fchrende missachten an dieser Stelle die Verkehrsregeln, jedoch in geringerem Umfang.\u201c <\/b><\/p>\n<p>Die Vier- und Marschlande sind insbesondere im Sommer ein beliebtes Ausflugsziel f\u00fcr viele Hamburger, Besucher aus dem Umland und Touristen. Touren mit dem Rad erfreuen sich gro\u00dfer Beliebtheit. Zudem sind viele Radrennfahrer dort anzutreffen.<\/p>\n<p>Lesen Sie auch<\/p>\n<p><b>Die <\/b><a href=\"https:\/\/www.bild.de\/regional\/aktuelles\/polizei\/polizeieinsatz-alle-infos-76681760.bild.html\" class=\"text-link\" rel=\"nofollow noopener\" target=\"_blank\"><b>Polizei<\/b><\/a><b> warnt vor Unf\u00e4llen \u2013 vorwiegend zwischen Altengamme und Tatenberg \u2013 die durch das Auffahren auf am Fahrbahnrand stehende Hindernisse (z.\u00a0B. parkende Fahrzeuge) verursacht werden. <\/b><\/p>\n<p>Polizeisprecher Marxsen: \u201eH\u00e4ufig ist dies auf die abgesenkte Kopf- und K\u00f6rperhaltung der Rennradfahrenden zur\u00fcckzuf\u00fchren. Um dem entgegenzuwirken, informiert die Polizei Hamburg seit mehreren Jahren mit der <a href=\"https:\/\/www.polizei.hamburg\/mehr-sehen-sicher-ankommen--883050\" target=\"_blank\" rel=\"noopener nofollow\" class=\"text-link--external text-link\">Aktion \u2018Kopf hoch\u2018<\/a> \u00fcber die Gefahren.\u201c<\/p>\n","protected":false},"excerpt":{"rendered":"Hamburg &#8211; Jetzt wird sogar aus der Luft Jagd auf Verkehrss\u00fcnder gemacht. Wie die Hamburger Polizei best\u00e4tigt, setzen&hellip;\n","protected":false},"author":2,"featured_media":224299,"comment_status":"","ping_status":"","sticky":false,"template":"","format":"standard","meta":{"footnotes":""},"categories":[1826],"tags":[71434,9047,29,30,692,121,2465,71433,45,2624],"class_list":{"0":"post-224298","1":"post","2":"type-post","3":"status-publish","4":"format-standard","5":"has-post-thumbnail","7":"category-hamburg","8":"tag-altengamme","9":"tag-ampel","10":"tag-deutschland","11":"tag-germany","12":"tag-hamburg","13":"tag-polizei","14":"tag-radfahrer","15":"tag-tatenberg","16":"tag-texttospeech","17":"tag-unfaelle"},"share_on_mastodon":{"url":"https:\/\/pubeurope.com\/@de\/114757278420241888","error":""},"_links":{"self":[{"href":"https:\/\/www.europesays.com\/de\/wp-json\/wp\/v2\/posts\/224298","targetHints":{"allow":["GET"]}}],"collection":[{"href":"https:\/\/www.europesays.com\/de\/wp-json\/wp\/v2\/posts"}],"about":[{"href":"https:\/\/www.europesays.com\/de\/wp-json\/wp\/v2\/types\/post"}],"author":[{"embeddable":true,"href":"https:\/\/www.europesays.com\/de\/wp-json\/wp\/v2\/users\/2"}],"replies":[{"embeddable":true,"href":"https:\/\/www.europesays.com\/de\/wp-json\/wp\/v2\/comments?post=224298"}],"version-history":[{"count":0,"href":"https:\/\/www.europesays.com\/de\/wp-json\/wp\/v2\/posts\/224298\/revisions"}],"wp:featuredmedia":[{"embeddable":true,"href":"https:\/\/www.europesays.com\/de\/wp-json\/wp\/v2\/media\/224299"}],"wp:attachment":[{"href":"https:\/\/www.europesays.com\/de\/wp-json\/wp\/v2\/media?parent=224298"}],"wp:term":[{"taxonomy":"category","embeddable":true,"href":"https:\/\/www.europesays.com\/de\/wp-json\/wp\/v2\/categories?post=224298"},{"taxonomy":"post_tag","embeddable":true,"href":"https:\/\/www.europesays.com\/de\/wp-json\/wp\/v2\/tags?post=224298"}],"curies":[{"name":"wp","href":"https:\/\/api.w.org\/{rel}","templated":true}]}}