{"id":224344,"date":"2025-06-27T21:07:13","date_gmt":"2025-06-27T21:07:13","guid":{"rendered":"https:\/\/www.europesays.com\/de\/224344\/"},"modified":"2025-06-27T21:07:13","modified_gmt":"2025-06-27T21:07:13","slug":"jugendpartie-hansa-holstein-dfb-gericht-wertet-spielabbruch-als-kieler-pleite","status":"publish","type":"post","link":"https:\/\/www.europesays.com\/de\/224344\/","title":{"rendered":"Jugendpartie Hansa &#8211; Holstein: DFB-Gericht wertet Spielabbruch als Kieler Pleite"},"content":{"rendered":"<p>        <img decoding=\"async\" src=\"https:\/\/www.europesays.com\/de\/wp-content\/uploads\/2025\/06\/symbolbild-164.webp\" alt=\"Symbolbild Fu\u00dfball \" title=\"Symbolbild Fu\u00dfball  | IMAGO \/ Funke Foto Services\" class=\"responsive\"\/><\/p>\n<p>\n            Stand: 27.06.2025 20:30 Uhr<\/p>\n<p class=\"preface\">Im Verfahren zu den Rassismusvorw\u00fcrfen bei einer Partie der U19-Nachwuchsrunde zwischen Holstein Kiel und dem FC Hansa Rostock hat das Bundesgericht ein Urteil des DFB-Sportgerichts zum Nachteil der KSV abge\u00e4ndert. <\/p>\n<p class=\"\">\n&#8222;Das bei einem Spielstand von 4:3 f\u00fcr Hansa Rostock abgebrochene Meisterschaftsspiel wird f\u00fcr Holstein Kiel mit 0:2 Toren als verloren gewertet&#8220;, teilte das Gericht mit. Das Sportgericht hatte am 7. M\u00e4rz entschieden, die Partie f\u00fcr beide Teams mit 0:2 zu werten.<\/p>\n<p class=\"\">\nHolsteins Nachwuchs-Fu\u00dfballer hatten am 1. Februar beim Stand von 4:3 in der Nachspielzeit beschlossen, den Platz geschlossen zu verlassen. &#8222;Grund daf\u00fcr waren mehrere rassistische Beleidigungen auf dem Spielfeld sowie zus\u00e4tzliche rassistische \u00c4u\u00dferungen seitens der Zuschauer&#8220;, hatte die KSV seinerzeit mitgeteilt. So soll das Wort &#8222;Affe&#8220; gefallen sein.<\/p>\n<p>        <img decoding=\"async\" src=\"https:\/\/www.europesays.com\/de\/wp-content\/uploads\/2025\/06\/fussball3880.webp\" alt=\"Ein Fu\u00dfballschuh neben einem Fu\u00dfball\" title=\"Ein Fu\u00dfballschuh neben einem Fu\u00dfball | IMAGO\/Niklas Heiden\" class=\"responsive\" loading=\"lazy\"\/><\/p>\n<p>Nach den Rassismus-Vorw\u00fcrfen und dem Spielabbruch des U19-Spiels wurde die Partie vom Sportgericht f\u00fcr beide Nordclubs als verloren gewertet. Der FCH muss zudem eine Strafe zahlen.<\/p>\n<p>    &#8222;Kiel hatte keine Berechtigung, das Spiel abzubrechen&#8220;<\/p>\n<p class=\"\">\n&#8222;Bei der Frage nach der Spielwertung ging es nicht darum, dar\u00fcber zu befinden, wer mit seinem Verhalten gegen die Werte des DFB versto\u00dfen hat. Es ging darum, ob Kiel eine Berechtigung hatte, das Spiel in eigener Verantwortung abzubrechen. Und das sehen wir nicht&#8220;, erl\u00e4uterte Kostja von Keitz, der stellvertretende Vorsitzende des Bundesgerichts.<\/p>\n<p class=\"\">\n&#8222;Ein Mitverschulden am sodann durch den Schiedsrichter vorgenommenen Abbruch des Spiels setzt in Bezug auf Rostock aber voraus, dass Rostock die Entscheidung Kiels nach objektiven Gesichtspunkten zugerechnet werden kann. Dies ist aber nicht zu erkennen. Nur dann h\u00e4tte aber ein diesbez\u00fcgliches Mitverschulden der Rostocker vorgelegen &#8211; und nur dann h\u00e4tte das Urteil anders ausfallen k\u00f6nnen&#8220;, teilte von Keitz weiter mit.<\/p>\n<p>    Anderen Sportgerichts-Entscheidungen bleiben bestehen<\/p>\n<p class=\"\">\nZwei Spieler der Rostocker wurden zudem f\u00fcr sechs Meisterschaftsspiele gesperrt, ein dritter Spieler muss drei Begegnungen zuschauen. Der Verein musste eine Geldstrafe in H\u00f6he von 7.500 Euro zahlen. Diese Entscheidungen seien durch das Urteil des Bundesgerichts nicht betroffen.<\/p>\n<p>        <img decoding=\"async\" src=\"https:\/\/www.europesays.com\/de\/wp-content\/uploads\/2025\/06\/symbolbild-166.webp\" alt=\"Symbolbild Fu\u00dfball \" title=\"Symbolbild Fu\u00dfball  | IMAGO \/ Pressefoto Baumann\" class=\"responsive\" loading=\"lazy\"\/><\/p>\n<p>Am Sonnabend ist das Spiel der beiden Nordclubs in der DFB-Nachwuchsrunde abgebrochen worden. Die Holstein-Akteure verlie\u00dfen geschlossen das Feld.<\/p>\n","protected":false},"excerpt":{"rendered":"Stand: 27.06.2025 20:30 Uhr Im Verfahren zu den Rassismusvorw\u00fcrfen bei einer Partie der U19-Nachwuchsrunde zwischen Holstein Kiel und&hellip;\n","protected":false},"author":2,"featured_media":224345,"comment_status":"","ping_status":"","sticky":false,"template":"","format":"standard","meta":{"footnotes":""},"categories":[1852],"tags":[299,3364,29,548,663,3934,68943,30,4158,13,10243,4949,14,15,12,1971],"class_list":{"0":"post-224344","1":"post","2":"type-post","3":"status-publish","4":"format-standard","5":"has-post-thumbnail","7":"category-kiel","8":"tag-bundesliga","9":"tag-de","10":"tag-deutschland","11":"tag-eu","12":"tag-europa","13":"tag-europe","14":"tag-fussball-newsticker","15":"tag-germany","16":"tag-hansa-rostock","17":"tag-headlines","18":"tag-holstein-kiel","19":"tag-kiel","20":"tag-nachrichten","21":"tag-news","22":"tag-schlagzeilen","23":"tag-schleswig-holstein"},"share_on_mastodon":{"url":"https:\/\/pubeurope.com\/@de\/114757372835177628","error":""},"_links":{"self":[{"href":"https:\/\/www.europesays.com\/de\/wp-json\/wp\/v2\/posts\/224344","targetHints":{"allow":["GET"]}}],"collection":[{"href":"https:\/\/www.europesays.com\/de\/wp-json\/wp\/v2\/posts"}],"about":[{"href":"https:\/\/www.europesays.com\/de\/wp-json\/wp\/v2\/types\/post"}],"author":[{"embeddable":true,"href":"https:\/\/www.europesays.com\/de\/wp-json\/wp\/v2\/users\/2"}],"replies":[{"embeddable":true,"href":"https:\/\/www.europesays.com\/de\/wp-json\/wp\/v2\/comments?post=224344"}],"version-history":[{"count":0,"href":"https:\/\/www.europesays.com\/de\/wp-json\/wp\/v2\/posts\/224344\/revisions"}],"wp:featuredmedia":[{"embeddable":true,"href":"https:\/\/www.europesays.com\/de\/wp-json\/wp\/v2\/media\/224345"}],"wp:attachment":[{"href":"https:\/\/www.europesays.com\/de\/wp-json\/wp\/v2\/media?parent=224344"}],"wp:term":[{"taxonomy":"category","embeddable":true,"href":"https:\/\/www.europesays.com\/de\/wp-json\/wp\/v2\/categories?post=224344"},{"taxonomy":"post_tag","embeddable":true,"href":"https:\/\/www.europesays.com\/de\/wp-json\/wp\/v2\/tags?post=224344"}],"curies":[{"name":"wp","href":"https:\/\/api.w.org\/{rel}","templated":true}]}}