{"id":224380,"date":"2025-06-27T21:27:12","date_gmt":"2025-06-27T21:27:12","guid":{"rendered":"https:\/\/www.europesays.com\/de\/224380\/"},"modified":"2025-06-27T21:27:12","modified_gmt":"2025-06-27T21:27:12","slug":"trump-laesst-handelsgespraeche-mit-kanada-vorerst-platzen","status":"publish","type":"post","link":"https:\/\/www.europesays.com\/de\/224380\/","title":{"rendered":"Trump l\u00e4sst Handelsgespr\u00e4che mit Kanada vorerst platzen"},"content":{"rendered":"<p>       <img fetchpriority=\"high\" decoding=\"async\" src=\"data:image\/gif;base64,R0lGODlhAQABAIAAAAAAAP\/\/\/ywAAAAAAQABAAACAUwAOw==\" alt=\"US-Pr\u00e4sident Donald Trump hat die Zollverhandlungen mit Kanada wegen einer Digitalsteuer des Nachbarlandes vorerst platzen lassen. &quot;Wegen dieser unerh\u00f6rten Steuer beenden wir hiermit mit sofortiger Wirkung alle Handelsgespr\u00e4che&quot;, schrieb er. (ANDREW CABALLERO-REYNOLDS)\" loading=\"eager\" height=\"512\" width=\"768\" class=\"yf-1gfnohs loader\"\/> US-Pr\u00e4sident Donald Trump hat die Zollverhandlungen mit Kanada wegen einer Digitalsteuer des Nachbarlandes vorerst platzen lassen. &#8222;Wegen dieser unerh\u00f6rten Steuer beenden wir hiermit mit sofortiger Wirkung alle Handelsgespr\u00e4che&#8220;, schrieb er. (ANDREW CABALLERO-REYNOLDS)      <\/p>\n<p class=\"yf-1090901\">US-Pr\u00e4sident Donald Trump hat die Zollverhandlungen mit Kanada wegen einer Digitalsteuer des Nachbarlandes vorerst platzen lassen. &#8222;Wegen dieser unerh\u00f6rten Steuer beenden wir hiermit mit sofortiger Wirkung alle Handelsgespr\u00e4che mit Kanada&#8220;, schrieb Trump am Freitag in seinem Online-Netzwerk Truth Social. Kanada werde innerhalb einer Woche erfahren, welche Z\u00f6lle f\u00fcr Einfuhren in die USA f\u00e4llig w\u00fcrden.<\/p>\n<p class=\"yf-1090901\">Die Digitalsteuer &#8222;auf unsere amerikanischen Technologie-Unternehmen&#8220; sei ein &#8222;direkter und unverfrorener Angriff auf unser Land&#8220;, schrieb Trump weiter. &#8222;Sie ahmen offenbar die Europ\u00e4ische Union nach, die das gleiche gemacht hat.&#8220;\u00a0Die EU pr\u00fcft in dem Zollkonflikt mit Trump derzeit eine Digitalsteuer f\u00fcr US-Konzerne.<\/p>\n<p class=\"yf-1090901\">Kanadas hatte seine Digitalsteuer bereits im vergangenen Jahr eingef\u00fchrt. Laut einem Verband wird aber am Montag eine gro\u00dfe Zahlung f\u00fcr US-Unternehmen f\u00e4llig.<\/p>\n<p class=\"yf-1090901\">Trump hatte Anfang April hohe Zollaufschl\u00e4ge gegen zahlreiche Staaten verh\u00e4ngt, er reduzierte sie dann aber kurz darauf f\u00fcr 90 Tage auf zehn Prozent. Ziel ist es, in der Zwischenzeit Zugest\u00e4ndnisse von den Handelspartnern zu erhalten.<\/p>\n<p class=\"yf-1090901\">F\u00fcr die EU hatte Trump eine Frist bis zum 9. Juli gesetzt, f\u00fcr Kanada und zahlreiche weitere L\u00e4nder l\u00e4uft sie bereits am 8. Juli aus. Trumps Sprecherin Karoline Leavitt sagte am Donnerstag aber, die Fristen k\u00f6nnten wom\u00f6glich verl\u00e4ngert werden. Trumps Handels- und Zollpolitik hat an den Aktienm\u00e4rkten in den vergangenen Monaten immer wieder f\u00fcr Turbulenzen gesorgt.<\/p>\n<p class=\"yf-1090901\">fs\/lan\/lob<\/p>\n","protected":false},"excerpt":{"rendered":"US-Pr\u00e4sident Donald Trump hat die Zollverhandlungen mit Kanada wegen einer Digitalsteuer des Nachbarlandes vorerst platzen lassen. &#8222;Wegen dieser&hellip;\n","protected":false},"author":2,"featured_media":224381,"comment_status":"","ping_status":"","sticky":false,"template":"","format":"standard","meta":{"footnotes":""},"categories":[3977],"tags":[331,332,5680,106,13,53,14,15,12,22637,4017,4018,4016,64,4019,4020],"class_list":{"0":"post-224380","1":"post","2":"type-post","3":"status-publish","4":"format-standard","5":"has-post-thumbnail","7":"category-usa","8":"tag-aktuelle-nachrichten","9":"tag-aktuelle-news","10":"tag-digital","11":"tag-donald-trump","12":"tag-headlines","13":"tag-kanada","14":"tag-nachrichten","15":"tag-news","16":"tag-schlagzeilen","17":"tag-steuer","18":"tag-united-states","19":"tag-united-states-of-america","20":"tag-us","21":"tag-usa","22":"tag-vereinigte-staaten","23":"tag-vereinigte-staaten-von-amerika"},"share_on_mastodon":{"url":"https:\/\/pubeurope.com\/@de\/114757451410135340","error":""},"_links":{"self":[{"href":"https:\/\/www.europesays.com\/de\/wp-json\/wp\/v2\/posts\/224380","targetHints":{"allow":["GET"]}}],"collection":[{"href":"https:\/\/www.europesays.com\/de\/wp-json\/wp\/v2\/posts"}],"about":[{"href":"https:\/\/www.europesays.com\/de\/wp-json\/wp\/v2\/types\/post"}],"author":[{"embeddable":true,"href":"https:\/\/www.europesays.com\/de\/wp-json\/wp\/v2\/users\/2"}],"replies":[{"embeddable":true,"href":"https:\/\/www.europesays.com\/de\/wp-json\/wp\/v2\/comments?post=224380"}],"version-history":[{"count":0,"href":"https:\/\/www.europesays.com\/de\/wp-json\/wp\/v2\/posts\/224380\/revisions"}],"wp:featuredmedia":[{"embeddable":true,"href":"https:\/\/www.europesays.com\/de\/wp-json\/wp\/v2\/media\/224381"}],"wp:attachment":[{"href":"https:\/\/www.europesays.com\/de\/wp-json\/wp\/v2\/media?parent=224380"}],"wp:term":[{"taxonomy":"category","embeddable":true,"href":"https:\/\/www.europesays.com\/de\/wp-json\/wp\/v2\/categories?post=224380"},{"taxonomy":"post_tag","embeddable":true,"href":"https:\/\/www.europesays.com\/de\/wp-json\/wp\/v2\/tags?post=224380"}],"curies":[{"name":"wp","href":"https:\/\/api.w.org\/{rel}","templated":true}]}}