{"id":224454,"date":"2025-06-27T22:07:10","date_gmt":"2025-06-27T22:07:10","guid":{"rendered":"https:\/\/www.europesays.com\/de\/224454\/"},"modified":"2025-06-27T22:07:10","modified_gmt":"2025-06-27T22:07:10","slug":"berlin-will-grundgesetz-zugunsten-queerer-menschen-aendern","status":"publish","type":"post","link":"https:\/\/www.europesays.com\/de\/224454\/","title":{"rendered":"Berlin will Grundgesetz zugunsten queerer Menschen \u00e4ndern"},"content":{"rendered":"<p class=\"tspB2l4 tspB2l5\">Ein vor l\u00e4ngerer Zeit gemachtes Versprechen soll eingel\u00f6st werden: Der Berliner Senat will den <a href=\"https:\/\/www.tagesspiegel.de\/berlin\/schutz-von-queeren-menschen-im-grundgesetz-berliner-bundesratsinitiative-zu-artikel-3-kommt-nicht-voran-12152060.html?icid=in-text-link_13930408\" class=\"link link--internal\" data-gtm-class=\"article-text-link\" data-gtm-val=\"internal\" rel=\"nofollow noopener\" target=\"_blank\">Schutz sexueller Identit\u00e4t<\/a> im Grundgesetz verankern. Darauf haben sich nach Tagesspiegel-Informationen CDU und SPD geeinigt. Der Gesetzesantrag sowie die Senatsvorlage, die am kommenden Dienstag vom Senat beschlossen werden soll, liegen dem Tagesspiegel vor.<\/p>\n","protected":false},"excerpt":{"rendered":"Ein vor l\u00e4ngerer Zeit gemachtes Versprechen soll eingel\u00f6st werden: Der Berliner Senat will den Schutz sexueller Identit\u00e4t im&hellip;\n","protected":false},"author":2,"featured_media":224455,"comment_status":"","ping_status":"","sticky":false,"template":"","format":"standard","meta":{"footnotes":""},"categories":[1825],"tags":[30546,296,4029,31,29,30,2384,1891,184],"class_list":{"0":"post-224454","1":"post","2":"type-post","3":"status-publish","4":"format-standard","5":"has-post-thumbnail","7":"category-berlin","8":"tag-csd","9":"tag-berlin","10":"tag-bundesrat","11":"tag-cdu","12":"tag-deutschland","13":"tag-germany","14":"tag-kai-wegner","15":"tag-landespolitik-berlin","16":"tag-spd"},"share_on_mastodon":{"url":"https:\/\/pubeurope.com\/@de\/114757608649283876","error":""},"_links":{"self":[{"href":"https:\/\/www.europesays.com\/de\/wp-json\/wp\/v2\/posts\/224454","targetHints":{"allow":["GET"]}}],"collection":[{"href":"https:\/\/www.europesays.com\/de\/wp-json\/wp\/v2\/posts"}],"about":[{"href":"https:\/\/www.europesays.com\/de\/wp-json\/wp\/v2\/types\/post"}],"author":[{"embeddable":true,"href":"https:\/\/www.europesays.com\/de\/wp-json\/wp\/v2\/users\/2"}],"replies":[{"embeddable":true,"href":"https:\/\/www.europesays.com\/de\/wp-json\/wp\/v2\/comments?post=224454"}],"version-history":[{"count":0,"href":"https:\/\/www.europesays.com\/de\/wp-json\/wp\/v2\/posts\/224454\/revisions"}],"wp:featuredmedia":[{"embeddable":true,"href":"https:\/\/www.europesays.com\/de\/wp-json\/wp\/v2\/media\/224455"}],"wp:attachment":[{"href":"https:\/\/www.europesays.com\/de\/wp-json\/wp\/v2\/media?parent=224454"}],"wp:term":[{"taxonomy":"category","embeddable":true,"href":"https:\/\/www.europesays.com\/de\/wp-json\/wp\/v2\/categories?post=224454"},{"taxonomy":"post_tag","embeddable":true,"href":"https:\/\/www.europesays.com\/de\/wp-json\/wp\/v2\/tags?post=224454"}],"curies":[{"name":"wp","href":"https:\/\/api.w.org\/{rel}","templated":true}]}}