{"id":224572,"date":"2025-06-27T23:17:10","date_gmt":"2025-06-27T23:17:10","guid":{"rendered":"https:\/\/www.europesays.com\/de\/224572\/"},"modified":"2025-06-27T23:17:10","modified_gmt":"2025-06-27T23:17:10","slug":"trockenheit-kreis-esslingen-untersagt-wasserentnahme-aus-gewaessern-kreis","status":"publish","type":"post","link":"https:\/\/www.europesays.com\/de\/224572\/","title":{"rendered":"Trockenheit: Kreis Esslingen untersagt Wasserentnahme aus Gew\u00e4ssern &#8211; Kreis"},"content":{"rendered":"<p>\t\t\t\t\t\t\t\t\t\t\t\t\t\t\t\t\t\t\t\t\t\t\t\t\t\t\t\t\t\t\t\t\t\t\t\t   \t\t\t\t\t \t\t\t\t   \t      \t\t\t\t   <img decoding=\"async\" id=\"article-image\" fetchpriority=\"high\" alt=\"Trockenheit: Kreis Esslingen untersagt Wasserentnahme aus Gew\u00e4ssern\" title=\"Trockenheit: Kreis Esslingen untersagt Wasserentnahme aus Gew\u00e4ssern\" src=\"https:\/\/www.europesays.com\/de\/wp-content\/uploads\/2025\/06\/media.media.2a34607d-a360-456a-b718-b973aa1d65cb.original700.jpg\" data-linkto=\"https:\/\/www.esslinger-zeitung.de\/javascript:void(0);\"\/>\t\t\t\t\t\t\t\t\t\t\t\t\t\t\t\t\t\t\t\t\t\t\t\tGanz so schlimm wie auf dem Symbolbild ist es im Landkreis Esslingen noch nicht, aber die Wasserst\u00e4nde sinken wegen Hitze und Trockenheit. Die Wasserentnahme aus Oberfl\u00e4chengew\u00e4ssern ist deshalb verboten worden.\u00a0Foto: Imago\t\t\t<\/p>\n<p>Wegen niedriger Wasserst\u00e4nde darf weder mit Pumpen noch von Hand Wasser aus Fl\u00fcssen, B\u00e4chen, Seen und Teichen entnommen werden.<\/p>\n<p>Wegen zu geringer Niederschl\u00e4ge und hoher Temperaturen ist der Wasserstand in den Gew\u00e4ssern inzwischen unter das sogenannte mittlere Niedrigwasser gefallen, teilt das Amt f\u00fcr Wasserwirtschaft des Landkreises <a href=\"https:\/\/www.esslinger-zeitung.de\/thema\/Esslingen\" title=\"Esslingen\" class=\"art_thema\" target=\"_blank\" rel=\"noopener\">Esslingen<\/a> mit. Deshalb gilt im Kreis Esslingen ab sofort eine Rechtsverordnung, wonach die Wasserentnahme aus B\u00e4chen, Fl\u00fcssen, Seen, Teichen und anderen Oberfl\u00e4chengew\u00e4ssern untersagt ist. Das <a href=\"https:\/\/www.esslinger-zeitung.de\/thema\/Verbot\" title=\"Verbot\" class=\"art_thema\" target=\"_blank\" rel=\"noopener\">Verbot<\/a> ist zun\u00e4chst bis zum 31. August befristet.<\/p>\n<p>Verboten ist die Entnahme mittels einer Pumpe, aber auch das Sch\u00f6pfen von Hand mit Eimern oder Gie\u00dfkannen. Ebenfalls reglementiert ist die Entnahme gr\u00f6\u00dferer Wassermengen, f\u00fcr die eine wasserrechtliche Erlaubnis erforderlich ist. In den Auflagen ist ein Pegel festgesetzt, unterhalb dessen die Wasserentnahme untersagt ist. <\/p>\n<p>R\u00fccksicht auf Fische und Pflanzen <\/p>\n<p>Die Ma\u00dfnahmen erfolgen insbesondere mit R\u00fccksicht auf die <a href=\"https:\/\/www.esslinger-zeitung.de\/thema\/Gew%C3%A4sser\" title=\"Gew\u00e4sser\" class=\"art_thema\" target=\"_blank\" rel=\"noopener\">Gew\u00e4sser<\/a>\u00f6kologie. Fische, kleinere Lebewesen und Pflanzen in den Gew\u00e4ssern leiden unter den niedrigen Wasserst\u00e4nden, dem niedrigen Sauerstoffgehalt und den ansteigenden Wassertemperaturen. <\/p>\n","protected":false},"excerpt":{"rendered":"Ganz so schlimm wie auf dem Symbolbild ist es im Landkreis Esslingen noch nicht, aber die Wasserst\u00e4nde sinken&hellip;\n","protected":false},"author":2,"featured_media":224573,"comment_status":"","ping_status":"","sticky":false,"template":"","format":"standard","meta":{"footnotes":""},"categories":[1830],"tags":[1634,3364,29,3439,30,15696,11607,1441,6404,857,69453,7888],"class_list":{"0":"post-224572","1":"post","2":"type-post","3":"status-publish","4":"format-standard","5":"has-post-thumbnail","7":"category-stuttgart","8":"tag-baden-wuerttemberg","9":"tag-de","10":"tag-deutschland","11":"tag-esslingen","12":"tag-germany","13":"tag-gewaesser","14":"tag-hitze","15":"tag-stuttgart","16":"tag-trockenheit","17":"tag-verbot","18":"tag-wasserentnahme","19":"tag-wasserstand"},"share_on_mastodon":{"url":"https:\/\/pubeurope.com\/@de\/114757883984873291","error":""},"_links":{"self":[{"href":"https:\/\/www.europesays.com\/de\/wp-json\/wp\/v2\/posts\/224572","targetHints":{"allow":["GET"]}}],"collection":[{"href":"https:\/\/www.europesays.com\/de\/wp-json\/wp\/v2\/posts"}],"about":[{"href":"https:\/\/www.europesays.com\/de\/wp-json\/wp\/v2\/types\/post"}],"author":[{"embeddable":true,"href":"https:\/\/www.europesays.com\/de\/wp-json\/wp\/v2\/users\/2"}],"replies":[{"embeddable":true,"href":"https:\/\/www.europesays.com\/de\/wp-json\/wp\/v2\/comments?post=224572"}],"version-history":[{"count":0,"href":"https:\/\/www.europesays.com\/de\/wp-json\/wp\/v2\/posts\/224572\/revisions"}],"wp:featuredmedia":[{"embeddable":true,"href":"https:\/\/www.europesays.com\/de\/wp-json\/wp\/v2\/media\/224573"}],"wp:attachment":[{"href":"https:\/\/www.europesays.com\/de\/wp-json\/wp\/v2\/media?parent=224572"}],"wp:term":[{"taxonomy":"category","embeddable":true,"href":"https:\/\/www.europesays.com\/de\/wp-json\/wp\/v2\/categories?post=224572"},{"taxonomy":"post_tag","embeddable":true,"href":"https:\/\/www.europesays.com\/de\/wp-json\/wp\/v2\/tags?post=224572"}],"curies":[{"name":"wp","href":"https:\/\/api.w.org\/{rel}","templated":true}]}}