{"id":224574,"date":"2025-06-27T23:18:12","date_gmt":"2025-06-27T23:18:12","guid":{"rendered":"https:\/\/www.europesays.com\/de\/224574\/"},"modified":"2025-06-27T23:18:12","modified_gmt":"2025-06-27T23:18:12","slug":"vfb-stuttgart-prominente-verstaerkung-serdar-tasci-kehrt-in-neuer-funktion-zurueck","status":"publish","type":"post","link":"https:\/\/www.europesays.com\/de\/224574\/","title":{"rendered":"VfB Stuttgart: Prominente Verst\u00e4rkung \u2013 Serdar Tasci kehrt in neuer Funktion zur\u00fcck"},"content":{"rendered":"<p>\t\t\t\t\t\t\t\t\t\t\t\t\t\t\t\t\t\t\t\t\t\t\t\t\t\t\t\t      \t\t            \t\t             \t\t\t\t   \t\t\t\t\t   <img decoding=\"async\" id=\"article-image\" fetchpriority=\"high\" alt=\"VfB Stuttgart: Prominente Verst\u00e4rkung \u2013 Serdar Tasci kehrt in neuer Funktion zur\u00fcck\" title=\"VfB Stuttgart: Prominente Verst\u00e4rkung \u2013 Serdar Tasci kehrt in neuer Funktion zur\u00fcck\" src=\"https:\/\/www.europesays.com\/de\/wp-content\/uploads\/2025\/06\/media.media.e6c3b6f4-eaff-4f0d-a6c6-28f4aaebec1d.16x9_700.jpg\" data-linkto=\"https:\/\/www.stuttgarter-nachrichten.de\/javascript:void(0);\"\/>\t\t\t\t\t\t\t\t\t\t\t\t\t\t\t\t\t\t\t\t\t\t\t\tZur\u00fcck beim VfB Stuttgart: Serdar Tasci\u00a0Foto: Baumann\t\t\t<\/p>\n<p>Mit dem fr\u00fcheren Abwehrspieler Serdar Tasci soll wieder mehr Sportkompetenz in den Aufsichtsrat des Fu\u00dfball-Bundesligisten einziehen.<\/p>\n<p>Der <a href=\"https:\/\/www.stuttgarter-nachrichten.de\/thema\/VfB_Stuttgart\" title=\"VfB Stuttgart\" class=\"art_thema\" rel=\"nofollow noopener\" target=\"_blank\">VfB Stuttgart<\/a> erh\u00e4lt einen prominenten Zugang \u2013 allerdings nicht im Spielerkader, sondern auf der Funktion\u00e4rsebene. Serdar Tasci kehrt zur\u00fcck. Nach Informationen unserer Redaktion soll der Meisterspieler von 2007 einen Platz im <a href=\"https:\/\/www.stuttgarter-nachrichten.de\/thema\/Aufsichtsrat\" title=\"Aufsichtsrat\" class=\"art_thema\" rel=\"nofollow noopener\" target=\"_blank\">Aufsichtsrat<\/a> des Fu\u00dfball-Bundesligisten erhalten. Auf der Hauptversammlung der ausgegliederten VfB AG soll dieser Schritt am kommenden Dienstag vollzogen werden. Im Vorfeld gab es dazu mehrere Gespr\u00e4che mit dem Ex-Profi, um seine Rolle zu definieren. Nun ist klar: Tasci soll die Sportkompetenz st\u00e4rken.<\/p>\n<p>Die Weichen daf\u00fcr wurden offenbar am Mittwoch auf der au\u00dferordentlichen Sitzung des Aufsichtsrats gestellt. Auf Anfrage \u00e4u\u00dferte sich Pr\u00e4sident Dietmar Allgaier, der dem Kontrollgremium vorsteht, jedoch nicht. \u201eDie Hauptversammlung der VfB AG wird zeitnah \u00fcber die zu besetzenden Mandate im Aufsichtsrat entscheiden. Bis dahin kommentiert der VfB grunds\u00e4tzlich keine Namen\u201c, teilte der Club mit.<\/p>\n<p>Fu\u00dfballerisch hat Tasci einiges erlebt \u2013 zun\u00e4chst in Stuttgart, wo er es vom Eigengew\u00e4chs zum Kapit\u00e4n der Profimannschaft gebracht hat. Sp\u00e4ter war der fr\u00fchere Abwehrspieler bei Spartak Moskau, dem FC Bayern M\u00fcnchen und Istanbul Basaksehir FK aktiv. Internationale Erfahrung bringt der 38-J\u00e4hrige also mit. Aktuell bildet sich der geb\u00fcrtige Esslinger weiter und absolviert den Managementlehrgang des Deutschen Fu\u00dfball-Bundes und der Deutschen Fu\u00dfball Liga.<\/p>\n<p><img decoding=\"async\" class=\"meinvfbIcon\" src=\"https:\/\/www.stuttgarter-nachrichten.de\/media.media.0ea35dc3-cd0f-4f5f-9738-e5db772ac229.original.svg\"\/> <\/p>\n<p>Beim VfB soll Tasci im Aufsichtsrat seine Expertise einbringen und vor allem f\u00fcr den Sportvorstand <a href=\"https:\/\/www.stuttgarter-nachrichten.de\/inhalt.nationalstuermer-des-vfb-stuttgart-videos-und-extraschichten-das-erfolgsgeheimnis-von-nick-woltemade.18d14a6f-b74e-470c-9233-eb553df14602.html\" target=\"_blank\" rel=\"nofollow noopener\">Fabian Wohlgemuth<\/a> ein Ansprechpartner sein. Seit dem Ausscheiden von Rainer Adrion fehlte im Kreis der Kontrolleure genauso jemand mit Erfahrung im Fu\u00dfballgesch\u00e4ft. Zuvor waren auch die beiden Ex-Trainer Armin Veh und Joachim L\u00f6w als Kandidaten gehandelt worden. In Tasci hoffen die Stuttgarter nun eine frische, unverbrauchte Kraft gefunden zu haben.<\/p>\n","protected":false},"excerpt":{"rendered":"Zur\u00fcck beim VfB Stuttgart: Serdar Tasci\u00a0Foto: Baumann Mit dem fr\u00fcheren Abwehrspieler Serdar Tasci soll wieder mehr Sportkompetenz in&hellip;\n","protected":false},"author":2,"featured_media":224575,"comment_status":"","ping_status":"","sticky":false,"template":"","format":"standard","meta":{"footnotes":""},"categories":[1830],"tags":[13567,1634,299,3364,29,68030,30,1441,2915],"class_list":{"0":"post-224574","1":"post","2":"type-post","3":"status-publish","4":"format-standard","5":"has-post-thumbnail","7":"category-stuttgart","8":"tag-aufsichtsrat","9":"tag-baden-wuerttemberg","10":"tag-bundesliga","11":"tag-de","12":"tag-deutschland","13":"tag-dietmar-allgaier","14":"tag-germany","15":"tag-stuttgart","16":"tag-vfb-stuttgart"},"share_on_mastodon":{"url":"https:\/\/pubeurope.com\/@de\/114757887834269419","error":""},"_links":{"self":[{"href":"https:\/\/www.europesays.com\/de\/wp-json\/wp\/v2\/posts\/224574","targetHints":{"allow":["GET"]}}],"collection":[{"href":"https:\/\/www.europesays.com\/de\/wp-json\/wp\/v2\/posts"}],"about":[{"href":"https:\/\/www.europesays.com\/de\/wp-json\/wp\/v2\/types\/post"}],"author":[{"embeddable":true,"href":"https:\/\/www.europesays.com\/de\/wp-json\/wp\/v2\/users\/2"}],"replies":[{"embeddable":true,"href":"https:\/\/www.europesays.com\/de\/wp-json\/wp\/v2\/comments?post=224574"}],"version-history":[{"count":0,"href":"https:\/\/www.europesays.com\/de\/wp-json\/wp\/v2\/posts\/224574\/revisions"}],"wp:featuredmedia":[{"embeddable":true,"href":"https:\/\/www.europesays.com\/de\/wp-json\/wp\/v2\/media\/224575"}],"wp:attachment":[{"href":"https:\/\/www.europesays.com\/de\/wp-json\/wp\/v2\/media?parent=224574"}],"wp:term":[{"taxonomy":"category","embeddable":true,"href":"https:\/\/www.europesays.com\/de\/wp-json\/wp\/v2\/categories?post=224574"},{"taxonomy":"post_tag","embeddable":true,"href":"https:\/\/www.europesays.com\/de\/wp-json\/wp\/v2\/tags?post=224574"}],"curies":[{"name":"wp","href":"https:\/\/api.w.org\/{rel}","templated":true}]}}