{"id":224605,"date":"2025-06-27T23:35:09","date_gmt":"2025-06-27T23:35:09","guid":{"rendered":"https:\/\/www.europesays.com\/de\/224605\/"},"modified":"2025-06-27T23:35:09","modified_gmt":"2025-06-27T23:35:09","slug":"linus-gerschke-mit-neuer-thriller-reihe-auf-lesereise","status":"publish","type":"post","link":"https:\/\/www.europesays.com\/de\/224605\/","title":{"rendered":"Linus Gerschke: Mit neuer Thriller-Reihe auf Lesereise"},"content":{"rendered":"\n<p class=\"article_excerpt\">\u201eDer Trailer\u201c ist der Auftakt zu einer atemberaubenden Thriller-Reihe \u2013 und den stellt Linus Gerschke mit einer umfangreichen Lesereise vor.<\/p>\n<p>Am 4. Juli erscheint im Piper Verlag mit \u201eDer Trailer\u201c der Auftakt zu einer neuen Thriller-Reihe von <a href=\"https:\/\/kulturnews.de\/kuenstler\/linus-gerschke\/\" title=\"Linus Gerschke\" rel=\"nofollow noopener\" target=\"_blank\">Linus Gerschke<\/a>. Einmal mehr legt der K\u00f6lner Bestsellerautor einen atemberaubenden Thriller vor und beweist sein Geschick f\u00fcr dunkle und meisterhaft konstruierte Spannung.<\/p>\n<p>Band 2 \u00bbDas Camp\u00ab erscheint am 30. Januar 2026, Band 3 \u00bbDie Schlucht\u00ab am 03. Juli 2026.<\/p>\n<p>Worum geht es in \u201eDer Trailer\u201c von <a href=\"https:\/\/kulturnews.de\/kuenstler\/linus-gerschke\/\" title=\"Linus Gerschke\" rel=\"nofollow noopener\" target=\"_blank\">Linus Gerschke<\/a>?<\/p>\n<p>Vor 15 Jahren verschwand die Studentin Lisa Martin unter mysteri\u00f6sen Umst\u00e4nden in den Ardennen. Ihr letzter bekannter Aufenthaltsort war der von dunklen W\u00e4ldern und Schluchten umgebene Campingplatz Donkerbloem. Als ein popul\u00e4rer True-Crime-Podcast der Frage nachgeht, was damals wirklich geschah, setzt das eine t\u00f6dliche Kettenreaktion in Gang.<\/p>\n<p>Pl\u00f6tzlich m\u00fcssen eine Kommissarin und ein schmieriger Barbesitzer zusammenarbeiten. Frieda Stahnke kannte Lisa aus ihrer Jugend und will den Fall endlich l\u00f6sen. Wout Meertens war in jener Nacht in Camp Donkerbloem, doch nie ein offizieller Zeuge. Nun muss er sein Schweigen brechen, um sein eigenes Leben zu sch\u00fctzen.<\/p>\n<p><a href=\"https:\/\/kulturnews.de\/kuenstler\/linus-gerschke\/\" title=\"Linus Gerschke\" rel=\"nofollow noopener\" target=\"_blank\">Linus Gerschke<\/a> geht mit \u201eDer Trailer\u201c auf umfangreiche Lesereise<\/p>\n<p>17. 7.\u00a0Essen, Thalia<\/p>\n<p>18. 7. Moers, Stadtbibliothek<\/p>\n<p>22. 7. K\u00f6ln, Thalia<\/p>\n<p>22. 8. Seligenstadt, Der Buchladen<\/p>\n<p>26. 8. K\u00f6ln, Wohnzimmer-Lesung Buchhandlung Baudach<\/p>\n<p>3. 9. Hamburg, Pierdrei Hotel Hafencity Hamburg<\/p>\n<p>4. 9. Heide, Scheller Boyens Buchhandlung<\/p>\n<p>5. 9. Flensburg, Thalia<\/p>\n<p>10. 9. Friesoythe, Kulturkreis B\u00f6sel Saterland Friesoythe<\/p>\n<p>9. 10. Gol\u00dfen, Niederlausitzer Krimin\u00e4chte<\/p>\n<p>24. 10. Dillingen a.d. Saar, Buchhandlung Drachenwinkel<\/p>\n<p>6. 11. Verl, Verler Literaturtage<\/p>\n<p>Wer sich f\u00fcr die Lesungen von <a href=\"https:\/\/kulturnews.de\/kuenstler\/linus-gerschke\/\" title=\"Linus Gerschke\" rel=\"nofollow noopener\" target=\"_blank\">Linus Gerschke<\/a> interessiert, sollte auch <a href=\"https:\/\/kulturnews.de\/hubertus-koch-kuendigt-weitere-tour-mit-lost-boy-an\/\" rel=\"nofollow noopener\" target=\"_blank\">die Termine der Lesereise von Hubertus Koch<\/a> checken<\/p>\n","protected":false},"excerpt":{"rendered":"\u201eDer Trailer\u201c ist der Auftakt zu einer atemberaubenden Thriller-Reihe \u2013 und den stellt Linus Gerschke mit einer umfangreichen&hellip;\n","protected":false},"author":2,"featured_media":224606,"comment_status":"","ping_status":"","sticky":false,"template":"","format":"standard","meta":{"footnotes":""},"categories":[1774],"tags":[1784,1785,29,214,30,215],"class_list":{"0":"post-224605","1":"post","2":"type-post","3":"status-publish","4":"format-standard","5":"has-post-thumbnail","7":"category-buecher","8":"tag-books","9":"tag-buecher","10":"tag-deutschland","11":"tag-entertainment","12":"tag-germany","13":"tag-unterhaltung"},"share_on_mastodon":{"url":"https:\/\/pubeurope.com\/@de\/114757955293655547","error":""},"_links":{"self":[{"href":"https:\/\/www.europesays.com\/de\/wp-json\/wp\/v2\/posts\/224605","targetHints":{"allow":["GET"]}}],"collection":[{"href":"https:\/\/www.europesays.com\/de\/wp-json\/wp\/v2\/posts"}],"about":[{"href":"https:\/\/www.europesays.com\/de\/wp-json\/wp\/v2\/types\/post"}],"author":[{"embeddable":true,"href":"https:\/\/www.europesays.com\/de\/wp-json\/wp\/v2\/users\/2"}],"replies":[{"embeddable":true,"href":"https:\/\/www.europesays.com\/de\/wp-json\/wp\/v2\/comments?post=224605"}],"version-history":[{"count":0,"href":"https:\/\/www.europesays.com\/de\/wp-json\/wp\/v2\/posts\/224605\/revisions"}],"wp:featuredmedia":[{"embeddable":true,"href":"https:\/\/www.europesays.com\/de\/wp-json\/wp\/v2\/media\/224606"}],"wp:attachment":[{"href":"https:\/\/www.europesays.com\/de\/wp-json\/wp\/v2\/media?parent=224605"}],"wp:term":[{"taxonomy":"category","embeddable":true,"href":"https:\/\/www.europesays.com\/de\/wp-json\/wp\/v2\/categories?post=224605"},{"taxonomy":"post_tag","embeddable":true,"href":"https:\/\/www.europesays.com\/de\/wp-json\/wp\/v2\/tags?post=224605"}],"curies":[{"name":"wp","href":"https:\/\/api.w.org\/{rel}","templated":true}]}}