{"id":224776,"date":"2025-06-28T01:11:13","date_gmt":"2025-06-28T01:11:13","guid":{"rendered":"https:\/\/www.europesays.com\/de\/224776\/"},"modified":"2025-06-28T01:11:13","modified_gmt":"2025-06-28T01:11:13","slug":"ausstellung-junge-kunst-aus-chemnitz-in-selbitz-naila","status":"publish","type":"post","link":"https:\/\/www.europesays.com\/de\/224776\/","title":{"rendered":"Ausstellung: Junge Kunst aus Chemnitz in Selbitz &#8211; Naila"},"content":{"rendered":"<p>Finia Schneider aus Chemnitz zeigt derzeit ihre Werke im \u201eAtelier 18\u201c des Kunstladens <a href=\"https:\/\/www.frankenpost.de\/thema\/Selbitz\" title=\"Selbitz\" class=\"art_thema\" rel=\"nofollow noopener\" target=\"_blank\">Selbitz<\/a> in Weidesgr\u00fcn unter dem Titel \u201eSzenen des Allt\u00e4glichen\u201c. Sie ist Preistr\u00e4gerin des F\u00f6rderpreises der Jugend-Kunst-Triennale 2024. Mit der M\u00f6glichkeit, ihre Werke auszustellen, unterst\u00fctzt der Kunstladen Selbitz junge Talente. Das geht aus einer Pressemitteilung hervor.<\/p>\n","protected":false},"excerpt":{"rendered":"Finia Schneider aus Chemnitz zeigt derzeit ihre Werke im \u201eAtelier 18\u201c des Kunstladens Selbitz in Weidesgr\u00fcn unter dem&hellip;\n","protected":false},"author":2,"featured_media":224777,"comment_status":"","ping_status":"","sticky":false,"template":"","format":"standard","meta":{"footnotes":"","_share_on_mastodon":"0"},"categories":[1851],"tags":[71533,2076,2770,3364,29,548,663,3934,71534,30,13,71537,14,71532,15,859,12,71536,19647,71535],"class_list":["post-224776","post","type-post","status-publish","format-standard","has-post-thumbnail","category-chemnitz","tag-atelier-18","tag-ausstellung","tag-chemnitz","tag-de","tag-deutschland","tag-eu","tag-europa","tag-europe","tag-finia-schneider","tag-germany","tag-headlines","tag-kunstladen","tag-nachrichten","tag-naila","tag-news","tag-sachsen","tag-schlagzeilen","tag-selbitz","tag-themakultur","tag-weidesgruen"],"share_on_mastodon":{"url":"https:\/\/pubeurope.com\/@de\/114758332319622642","error":""},"_links":{"self":[{"href":"https:\/\/www.europesays.com\/de\/wp-json\/wp\/v2\/posts\/224776","targetHints":{"allow":["GET"]}}],"collection":[{"href":"https:\/\/www.europesays.com\/de\/wp-json\/wp\/v2\/posts"}],"about":[{"href":"https:\/\/www.europesays.com\/de\/wp-json\/wp\/v2\/types\/post"}],"author":[{"embeddable":true,"href":"https:\/\/www.europesays.com\/de\/wp-json\/wp\/v2\/users\/2"}],"replies":[{"embeddable":true,"href":"https:\/\/www.europesays.com\/de\/wp-json\/wp\/v2\/comments?post=224776"}],"version-history":[{"count":0,"href":"https:\/\/www.europesays.com\/de\/wp-json\/wp\/v2\/posts\/224776\/revisions"}],"wp:featuredmedia":[{"embeddable":true,"href":"https:\/\/www.europesays.com\/de\/wp-json\/wp\/v2\/media\/224777"}],"wp:attachment":[{"href":"https:\/\/www.europesays.com\/de\/wp-json\/wp\/v2\/media?parent=224776"}],"wp:term":[{"taxonomy":"category","embeddable":true,"href":"https:\/\/www.europesays.com\/de\/wp-json\/wp\/v2\/categories?post=224776"},{"taxonomy":"post_tag","embeddable":true,"href":"https:\/\/www.europesays.com\/de\/wp-json\/wp\/v2\/tags?post=224776"}],"curies":[{"name":"wp","href":"https:\/\/api.w.org\/{rel}","templated":true}]}}