{"id":224888,"date":"2025-06-28T02:16:17","date_gmt":"2025-06-28T02:16:17","guid":{"rendered":"https:\/\/www.europesays.com\/de\/224888\/"},"modified":"2025-06-28T02:16:17","modified_gmt":"2025-06-28T02:16:17","slug":"literatur-zur-stadtgeschichte-die-welt-der-landsknechte-als-buch","status":"publish","type":"post","link":"https:\/\/www.europesays.com\/de\/224888\/","title":{"rendered":"Literatur zur Stadtgeschichte: Die Welt der Landsknechte als Buch"},"content":{"rendered":"<p>Bretten. Fast alle von uns wissen: Im Jahre 1504 wird die kurpf\u00e4lzische Stadt Bretten w\u00e4hrend des Landshuter Erbfolgekrieges von 20.000 Mann unter der F\u00fchrung von Ulrich von W\u00fcrttemberg 18 Tage lang belagert und beschossen. Die Verteidiger halten stand. Am Peter-und-Paul-Tag 1504 wird Frieden geschlossen und die Belagerung geht mit einem Fest zu Ende, das wir bis heute feiern. <\/p>\n<p>Leitfaden f\u00fcr Neugierige\ufeff<\/p>\n<p>Dieses Buch beschreibt die Zeit um 1504, die Stadt Bretten und den Verlauf der Belagerung samt Vorgeschichte. Hauptaugenmerk legt der 208-seitige, reich bebilderte Band auf die Landsknechte, die die Stadt verteidigten. Kenntnisreich wird das Landsknechtswesen in all seinen Facetten dargestellt. Verfasst haben den Leitfaden Mitglieder der \u201eLandsknechtsgruppe Bretten 1504 e.V.\u201c. Die Beitr\u00e4ge von Birgit Becker, Max Brunner, Hermann F\u00fclberth, Klaus Huss, Michael Kl\u00e4ger und Cornelia Schweizer vermitteln historische Grundlagen des S\u00f6ldnerwesens, erkl\u00e4ren Herkunft und Werdegang der Landsknechte und beleuchten deren Kriegsf\u00fchrung, Ausr\u00fcstung und Organisation \u2013 von dem Tiroler Adligen Georg von Frundsberg bis zur Landsknechtgruppe heute. <\/p>\n<p>\ufeffWir zogen in das Feld<\/p>\n<p>Nicht nur f\u00fcr alle Geschichtsinteressierten, sondern auch f\u00fcr Vereins-Anw\u00e4rter ist das Buch mit rund 100 \u00fcberwiegend historischen Abbildungen ein Must-have, ein leicht lesbares Nachschlagewerk, das s\u00e4mtliche Informationen bereitstellt, die es braucht, um das Brettener Peter-und-Paul-Fest im historischen Kontext zu verstehen. \u201eWir zogen in das Feld. Die Belagerung einer Stadt\u201c, so der Titel des Paperbacks, ist f\u00fcr 19,90 Euro ab sofort im <a href=\"https:\/\/kolibrionline.buchhandlung.de\/shop\/\" onclick=\"window.open(this.href); return false;\" rel=\"nofollow noopener\" target=\"_blank\">Buchhandel<\/a>, bei der <a href=\"https:\/\/erlebe-bretten.de\/service-kontakt-und-aktuelles\/tourist-info-und-prospekte\" onclick=\"window.open(this.href); return false;\" rel=\"nofollow noopener\" target=\"_blank\">Tourist-Info Bretten<\/a> oder direkt <a href=\"https:\/\/www.lindemanns-web.de\/\" onclick=\"window.open(this.href); return false;\" rel=\"nofollow noopener\" target=\"_blank\">beim Verlag<\/a> erh\u00e4ltlich.<\/p>\n<p>                <a id=\"like-anchor\"\/><\/p>\n<p>                    Dieser Inhalt gef\u00e4llt Ihnen?<\/p>\n<p>Melden Sie sich an, um diesen Inhalt mit \u00abGef\u00e4llt mir\u00bb zu markieren.<\/p>\n<p>            \u00d7<\/p>\n<p>        <a href=\"#\" data-trigger-click-on-space-or-enter=\"\" class=\"button ggm-like-button hollow\" title=\"Gef\u00e4llt mir\" data-open=\"like-conversion-685f506aeb5fe\"><\/p>\n<p>        <\/a><\/p>\n<p>\n        Gef\u00e4llt <strong>0<\/strong> mal<br \/>\n        0\n    <\/p>\n<p>            <a href=\"https:\/\/kraichgau.news\/bretten\/profile-16268\/thomas-lindemann\" class=\"stop-click-event-propagation\" rel=\"nofollow noopener\" target=\"_blank\">    <\/p>\n<p>                                                                            <img class=\"imagecontainer\" decoding=\"auto\" data-aspect-ratio=\"1.333333333\" src=\"https:\/\/media04.kraichgau.news\/user\/2023\/12\/10\/2\/2482_L.jpg?1702283279\" style=\"object-position: 50% 50%;\" data-object-position=\"50% 50%\" bad-src=\"data:image\/gif;base64,R0lGODlhAQABAIAAAAAAAP\/\/\/yH5BAEAAAAALAAAAAABAAEAAAIBRAA7\"\/><\/p>\n<p>        <\/a><\/p>\n<p>                    Sie m\u00f6chten diesem Profil folgen?<\/p>\n<p>Verpassen Sie nicht die neuesten Inhalte von diesem Profil: Melden Sie sich an, um neuen Inhalten von Profilen und Orten in Ihrem <strong>pers\u00f6nlichen Feed<\/strong> zu folgen.<\/p>\n<p>            \u00d7<\/p>\n<p>\n            Folgen Sie diesem Profil als Erste\/r\n        <\/p>\n<p><a href=\"https:\/\/kraichgau.news\/tag\/wir-sind-heimat\" rel=\"nofollow noopener\" target=\"_blank\">&#13;<br \/>\n<img decoding=\"async\" class=\"imagecontainer\" src=\"https:\/\/www.europesays.com\/de\/wp-content\/uploads\/2025\/06\/707_NATIVE.jpg\"\/>&#13;<br \/>\n    &#13;<br \/>\n<\/a><\/p>\n<p><a href=\"https:\/\/kraichgau.news\/c-bauen-wohnen\" rel=\"nofollow noopener\" target=\"_blank\">&#13;<br \/>\n<img decoding=\"async\" class=\"imagecontainer\" src=\"https:\/\/www.europesays.com\/de\/wp-content\/uploads\/2025\/06\/311_NATIVE.jpg\"\/>&#13;<br \/>\n    &#13;<br \/>\n<\/a><\/p>\n","protected":false},"excerpt":{"rendered":"Bretten. Fast alle von uns wissen: Im Jahre 1504 wird die kurpf\u00e4lzische Stadt Bretten w\u00e4hrend des Landshuter Erbfolgekrieges&hellip;\n","protected":false},"author":2,"featured_media":224889,"comment_status":"","ping_status":"","sticky":false,"template":"","format":"standard","meta":{"footnotes":""},"categories":[1774],"tags":[1784,1785,29,214,30,215],"class_list":{"0":"post-224888","1":"post","2":"type-post","3":"status-publish","4":"format-standard","5":"has-post-thumbnail","7":"category-buecher","8":"tag-books","9":"tag-buecher","10":"tag-deutschland","11":"tag-entertainment","12":"tag-germany","13":"tag-unterhaltung"},"share_on_mastodon":{"url":"https:\/\/pubeurope.com\/@de\/114758587852736704","error":""},"_links":{"self":[{"href":"https:\/\/www.europesays.com\/de\/wp-json\/wp\/v2\/posts\/224888","targetHints":{"allow":["GET"]}}],"collection":[{"href":"https:\/\/www.europesays.com\/de\/wp-json\/wp\/v2\/posts"}],"about":[{"href":"https:\/\/www.europesays.com\/de\/wp-json\/wp\/v2\/types\/post"}],"author":[{"embeddable":true,"href":"https:\/\/www.europesays.com\/de\/wp-json\/wp\/v2\/users\/2"}],"replies":[{"embeddable":true,"href":"https:\/\/www.europesays.com\/de\/wp-json\/wp\/v2\/comments?post=224888"}],"version-history":[{"count":0,"href":"https:\/\/www.europesays.com\/de\/wp-json\/wp\/v2\/posts\/224888\/revisions"}],"wp:featuredmedia":[{"embeddable":true,"href":"https:\/\/www.europesays.com\/de\/wp-json\/wp\/v2\/media\/224889"}],"wp:attachment":[{"href":"https:\/\/www.europesays.com\/de\/wp-json\/wp\/v2\/media?parent=224888"}],"wp:term":[{"taxonomy":"category","embeddable":true,"href":"https:\/\/www.europesays.com\/de\/wp-json\/wp\/v2\/categories?post=224888"},{"taxonomy":"post_tag","embeddable":true,"href":"https:\/\/www.europesays.com\/de\/wp-json\/wp\/v2\/tags?post=224888"}],"curies":[{"name":"wp","href":"https:\/\/api.w.org\/{rel}","templated":true}]}}