{"id":225021,"date":"2025-06-28T03:32:24","date_gmt":"2025-06-28T03:32:24","guid":{"rendered":"https:\/\/www.europesays.com\/de\/225021\/"},"modified":"2025-06-28T03:32:24","modified_gmt":"2025-06-28T03:32:24","slug":"schwerpunkt-war-in-region-berlin-unwetter-sorgt-fuer-schaeden-und-eine-lebensgefaehrlich-verletzte","status":"publish","type":"post","link":"https:\/\/www.europesays.com\/de\/225021\/","title":{"rendered":"Schwerpunkt war in Region Berlin: Unwetter sorgt f\u00fcr Sch\u00e4den und eine lebensgef\u00e4hrlich Verletzte"},"content":{"rendered":"<p>                    Schwerpunkt war in Region Berlin<br \/>\n                Unwetter sorgt f\u00fcr Sch\u00e4den und eine lebensgef\u00e4hrlich Verletzte<\/p>\n<p>\t\t\t\t              27.06.2025, 15:53 Uhr<\/p>\n<p>\t\t\t\t\t       Artikel anh\u00f6ren<\/p>\n<p>\t\t\t\t\t\t\tDiese Audioversion wurde k\u00fcnstlich generiert. <a href=\"https:\/\/www.n-tv.de\/23249898\" target=\"_blank\" rel=\"noopener\">Mehr Infos<\/a><\/p>\n<p><strong>Heftige Gewitter, Regen und Sturm w\u00fcten am Abend im Osten Deutschlands. In Berlin und Brandenburg knicken Tausende B\u00e4ume um. Menschen werden verletzt, Autos gehen kaputt, der \u00d6PNV kommt zum Erliegen. Das Unwetter hat Folgen bis in den heutigen Freitag.<\/strong><\/p>\n<p>Beim Durchzug einer Unwetterfront mit Sturm und Gewittern sind in Berlin und Brandenburg am Donnerstagabend vier Menschen durch umst\u00fcrzende B\u00e4ume teils lebensgef\u00e4hrlich verletzt worden. Nach Angaben der Beh\u00f6rden knickten die B\u00f6en in der Bundeshauptstadt nach ersten Sch\u00e4tzungen tausende B\u00e4ume um und verursachten in der Region mehrere Hundert Feuerwehreins\u00e4tze. Bahn- und Stra\u00dfenverkehr waren erheblich gest\u00f6rt.<\/p>\n<p>In der brandenburgischen Landeshauptstadt Potsdam st\u00fcrzte eine Baumkrone im Neuen Garten auf einen Mann und eine Frau. Nach Polizeiangaben waren beide mit Fahrr\u00e4dern dort unterwegs. Die 57-J\u00e4hrige wurde demnach lebensgef\u00e4hrlich verletzt, auch der gleichaltrige Mann trug schwere Verletzungen davon. Beide kamen in Krankenh\u00e4user, wie Polizei und Stadtverwaltung weiter mitteilten. <\/p>\n<p>  <a href=\"https:\/\/www.europesays.com\/de\/wp-content\/uploads\/2025\/06\/533239856.jpg\">     <img decoding=\"async\" alt=\"Der Park in Potsdam ist vorerst gesperrt.\" src=\"https:\/\/www.europesays.com\/de\/wp-content\/uploads\/2025\/06\/533239856.jpg\" class=\"lazyload\"\/>  <\/a>  <\/p>\n<p class=\"article__aside__caption\">Der Park in Potsdam ist vorerst gesperrt.<\/p>\n<p class=\"article__aside__copy\">(Foto: picture alliance\/dpa)<\/p>\n<p>Die Frau schwebt noch immer in Lebensgefahr. Eine Mitteilung, wonach die Frau gestorben sei, zog die Stadtverwaltung Potsdam zur\u00fcck. &#8222;Die Fehlinformation beruht bedauerlicherweise auf einem \u00dcbermittlungsfehler&#8220;, erkl\u00e4rte ein Sprecher der Stadt. &#8222;Bitte entschuldigen Sie, die Information ist nicht korrekt.&#8220;<\/p>\n<p>Im benachbarten Berlin wurden nach Feuerwehrangaben mindestens zwei weitere Menschen durch umst\u00fcrzende B\u00e4ume schwer verletzt. Beide Vorf\u00e4lle ereigneten sich im Bezirk Reinickendorf, bei einem fiel ein Baum auf ein Auto. Allein aus der Bundeshauptstadt meldete die Feuerwehr bis in die Nachtstunden mehr als 760 Unwettereins\u00e4tze, insbesondere wegen zahlreicher entwurzelter B\u00e4ume und abgebrochener gr\u00f6\u00dferer \u00c4ste.<\/p>\n<p>Berlin: Aufr\u00e4umarbeiten dauern Wochen<\/p>\n<p>Die Einsatzkr\u00e4fte h\u00e4tten sich &#8222;mancherorts den Weg m\u00fchselig freischneiden&#8220; m\u00fcssen, erkl\u00e4rte die Feuerwehr. Vereinzelt wurden durch den Sturm auch D\u00e4cher abgedeckt. Die Stadtverwaltung meldete tausende entwurzelte und umgeknickte B\u00e4ume in W\u00e4ldern im Westen Berlins. Aktuell seien viele Wege blockiert. Die Aufr\u00e4umarbeiten w\u00fcrden voraussichtlich wochenlang dauern, hie\u00df es weiter. Mehrere Waldgebiete wurden wegen der Unfallgefahr gesperrt.<\/p>\n<p>Die Unwetterfront war am Donnerstag \u00fcber Teile von Ostdeutschland hinweggezogen, traf aber schwerpunktm\u00e4\u00dfig die Region um Berlin. Der Deutsche Wetterdienst warnte vor Gewittern mit Sturm- und Orkanb\u00f6en sowie Hagel und Starkregen. In Berlin wurde vor\u00fcbergehend der gesamte S-Bahnverkehr eingestellt. Laut Bahn waren auch Fernverkehrsz\u00fcge aus Berlin in Richtung Hamburg betroffen. Im Berliner S-Bahnverkehr gab es auch heute noch Einschr\u00e4nkungen.<\/p>\n<p>In Potsdam arbeitete die Feuerwehr nach eigenen Angaben etwa 60 Eins\u00e4tze im Zusammenhang mit dem Unwetter ab. Umgest\u00fcrzte B\u00e4ume und abgebrochene \u00c4ste blockierten zahlreiche Stra\u00dfen und Wege. In den brandenburgischen Landkreisen Havelland, Oberhavel und Ostprignitz-Ruppin meldete die Polizei ebenfalls zahlreiche Eins\u00e4tze. Im Bereich Havelland wurden unter anderem H\u00e4user, Autos und Stromleitungen durch B\u00e4ume und \u00c4ste besch\u00e4digt.<\/p>\n<p>  <a href=\"https:\/\/www.n-tv.de\/img\/25864870-1751030390000\/16-9\/750\/imago823323346.jpg\" target=\"_blank\" rel=\"noopener\">     <img decoding=\"async\" alt=\"In Gleisdorf in \u00d6sterreich regnete es etwa golfballgro\u00dfe Hagelk\u00f6rner.\" src=\"https:\/\/www.europesays.com\/de\/wp-content\/uploads\/2025\/06\/imago823323346.jpg\" class=\"lazyload\"\/>  <\/a>  <\/p>\n<p class=\"article__aside__caption\">In Gleisdorf in \u00d6sterreich regnete es etwa golfballgro\u00dfe Hagelk\u00f6rner.<\/p>\n<p class=\"article__aside__copy\">(Foto: IMAGO\/Bernd M\u00e4rz)<\/p>\n<p>   &#8222;Unwetterchaos&#8220; in Falkensee<\/p>\n<p>Einen Einsatzschwerpunkt bildete die brandenburgische Stadt Falkensee, wo ausw\u00e4rtige Feuerwehrleute unter anderem aus Potsdam halfen. Laut Beh\u00f6rden gab es dort mehr als 240 unwetterbedingte Eins\u00e4tze. Die Stadtverwaltung von Falkensee berichtete im Internet von einem &#8222;Unwetterchaos&#8220;, das &#8222;zahlreiche Sturmsch\u00e4den&#8220; hinterlassen habe. Unter anderem waren Stra\u00dfen unpassierbar.<\/p>\n<p>Teilweise waren auch weiter westlich und s\u00fcdlich gelegene Regionen an der Grenze zwischen Brandenburg sowie Sachsen-Anhalt und Sachsen betroffen. Bei Ziesar in S\u00fcdbrandenburg wurden laut Polizei zwei Beamte leicht verletzt, als ein Baum bei einem Einsatz auf ihr Auto st\u00fcrzte. Im nords\u00e4chsischen Wei\u00dfwasser besch\u00e4digten Sturmb\u00f6en nach Polizeiangaben das Dach eines Geb\u00e4udes und schleuderten Tr\u00fcmmerteile auf parkende Autos.<\/p>\n<p>Das Technische Hilfswerk (THW) entsandte nach eigenen Angaben insgesamt rund 360 Kr\u00e4fte zu Sturmeins\u00e4tzen nach Berlin, Brandenburg sowie vereinzelt Sachsen-Anhalt. Berlin war bereits am Montag von einem Unwetter getroffen worden, dabei gab es laut Feuerwehr einen Toten und drei Schwerstverletzte.<\/p>\n<p>Nach Angaben der Berliner Beh\u00f6rden und des Wetterdiensts sind B\u00e4ume derzeit wegen ihrer vollen Sommerbelaubung besonders anf\u00e4llig f\u00fcr Sturmsch\u00e4den, da sie B\u00f6en viel Angriffsfl\u00e4che bieten. Dem Senat der Hauptstadt zufolge spielen aber auch Vitalit\u00e4tsverluste nach mehreren D\u00fcrrejahren eine Rolle.<\/p>\n","protected":false},"excerpt":{"rendered":"Schwerpunkt war in Region Berlin Unwetter sorgt f\u00fcr Sch\u00e4den und eine lebensgef\u00e4hrlich Verletzte 27.06.2025, 15:53 Uhr Artikel anh\u00f6ren&hellip;\n","protected":false},"author":2,"featured_media":225022,"comment_status":"","ping_status":"","sticky":false,"template":"","format":"standard","meta":{"footnotes":""},"categories":[1825],"tags":[296,1890,29,985,30,19634,984,121,7610,4028],"class_list":{"0":"post-225021","1":"post","2":"type-post","3":"status-publish","4":"format-standard","5":"has-post-thumbnail","7":"category-berlin","8":"tag-berlin","9":"tag-brandenburg","10":"tag-deutschland","11":"tag-feuerwehr","12":"tag-germany","13":"tag-gewitter","14":"tag-international","15":"tag-polizei","16":"tag-potsdam","17":"tag-unwetter"},"share_on_mastodon":{"url":"https:\/\/pubeurope.com\/@de\/114758886627208431","error":""},"_links":{"self":[{"href":"https:\/\/www.europesays.com\/de\/wp-json\/wp\/v2\/posts\/225021","targetHints":{"allow":["GET"]}}],"collection":[{"href":"https:\/\/www.europesays.com\/de\/wp-json\/wp\/v2\/posts"}],"about":[{"href":"https:\/\/www.europesays.com\/de\/wp-json\/wp\/v2\/types\/post"}],"author":[{"embeddable":true,"href":"https:\/\/www.europesays.com\/de\/wp-json\/wp\/v2\/users\/2"}],"replies":[{"embeddable":true,"href":"https:\/\/www.europesays.com\/de\/wp-json\/wp\/v2\/comments?post=225021"}],"version-history":[{"count":0,"href":"https:\/\/www.europesays.com\/de\/wp-json\/wp\/v2\/posts\/225021\/revisions"}],"wp:featuredmedia":[{"embeddable":true,"href":"https:\/\/www.europesays.com\/de\/wp-json\/wp\/v2\/media\/225022"}],"wp:attachment":[{"href":"https:\/\/www.europesays.com\/de\/wp-json\/wp\/v2\/media?parent=225021"}],"wp:term":[{"taxonomy":"category","embeddable":true,"href":"https:\/\/www.europesays.com\/de\/wp-json\/wp\/v2\/categories?post=225021"},{"taxonomy":"post_tag","embeddable":true,"href":"https:\/\/www.europesays.com\/de\/wp-json\/wp\/v2\/tags?post=225021"}],"curies":[{"name":"wp","href":"https:\/\/api.w.org\/{rel}","templated":true}]}}