{"id":225214,"date":"2025-06-28T05:24:38","date_gmt":"2025-06-28T05:24:38","guid":{"rendered":"https:\/\/www.europesays.com\/de\/225214\/"},"modified":"2025-06-28T05:24:38","modified_gmt":"2025-06-28T05:24:38","slug":"3-gemeinsame-presseerklaerung-der-staatsanwaltschaft-bielefeld-und-der-polizei-bielefeld-mann-in-espelkamp-lebensgefaehrlich-verletzt-zeugenaufruf-zu-vorangegangener-auseinandersetzung-mk-lenker","status":"publish","type":"post","link":"https:\/\/www.europesays.com\/de\/225214\/","title":{"rendered":"3. gemeinsame Presseerkl\u00e4rung der Staatsanwaltschaft Bielefeld und der Polizei Bielefeld: Mann in Espelkamp lebensgef\u00e4hrlich verletzt &#8211; Zeugenaufruf zu vorangegangener Auseinandersetzung, MK Lenker"},"content":{"rendered":"<p id=\"absatz1\" class=\"em_text\">Bielefeld (ots) &#8211; <br \/>SI \/ Bielefeld \/ Minden-L\u00fcbbecke \/ Espelkamp &#8211; Beamte der Mordkommission gehen mittlerweile von mehreren beteiligten Personen aus, die an einer Auseinandersetzung im Vorfeld des versuchten T\u00f6tungsdelikts beteiligt waren. Die Ermittler bitten um Zeugenhinweise zu den Beteiligten.<\/p>\n<p id=\"absatz2\" class=\"em_text\">Nach den bisherigen Ermittlungen kam es am Abend des 07.06.2025 oder in der Nacht zu Sonntag, 08.06.2025, auf einem Sch\u00fctzenfest in Alt-Espelkamp zu einer verbalen Auseinandersetzung. Daran sollen mehrere Personen beteiligt gewesen sein, darunter auch das sp\u00e4tere Opfer des versuchten T\u00f6tungsdelikts. Ein Zusammenhang der beiden Ereignisse ist sehr wahrscheinlich.<\/p>\n<p id=\"absatz4\" class=\"em_text\">Wie bereits berichtet wurde ein 48-j\u00e4hriger Mann aus Espelkamp am Sonntag, 08.06.2025, am Baltenweg von einer Gruppe M\u00e4nner auf seinem Fahrrad angergriffen und durch mehrere Messerstiche lebensgef\u00e4hrlich verletzt.<\/p>\n<p id=\"absatz5\" class=\"em_text\">Zeugen werden gebeten, sich mit Hinweisen an die MK &#8222;Lenker&#8220; per E-Mail (<a href=\"https:\/\/www.nw.de\/lokal\/bielefeld\/thema\/polizeimeldungen_bielefeld\/mailto:MKLenker.Bielefeld%40polizei.nrw.de\" rel=\"nofollow noopener\" target=\"_blank\">MKLenker.Bielefeld@polizei.nrw.de<\/a>) oder telefonisch unter der 0521\/545-0 zu melden.<\/p>\n<p id=\"absatz6\" class=\"em_text\">Vorherige Meldungen:<\/p>\n<p id=\"absatz7\" class=\"em_text\">Erste Meldung vom 08.06.2025, 14:43 Uhr:<\/p>\n<p id=\"absatz8\" class=\"em_text\"><a href=\"https:\/\/www.presseportal.de\/blaulicht\/pm\/12522\/6051346\" target=\"_blank\" rel=\"nofollow noopener\">https:\/\/www.presseportal.de\/blaulicht\/pm\/12522\/6051346<\/a><\/p>\n<p id=\"absatz9\" class=\"em_text\">Zweite Meldung vom 13.06.2026, 08:37 Uhr:<\/p>\n<p id=\"absatz10\" class=\"em_text\"><a href=\"https:\/\/www.presseportal.de\/blaulicht\/pm\/12522\/6054432\" target=\"_blank\" rel=\"nofollow noopener\">https:\/\/www.presseportal.de\/blaulicht\/pm\/12522\/6054432<\/a><\/p>\n<p id=\"absatz11\" class=\"em_text\">Quelle: <a href=\"https:\/\/www.presseportal.de\/blaulicht\/pm\/12522\/6064690\" rel=\"nofollow noopener\" target=\"_blank\">https:\/\/www.presseportal.de\/blaulicht\/pm\/12522\/6064690<\/a> <\/p>\n","protected":false},"excerpt":{"rendered":"Bielefeld (ots) &#8211; SI \/ Bielefeld \/ Minden-L\u00fcbbecke \/ Espelkamp &#8211; Beamte der Mordkommission gehen mittlerweile von mehreren&hellip;\n","protected":false},"author":2,"featured_media":215667,"comment_status":"","ping_status":"","sticky":false,"template":"","format":"standard","meta":{"footnotes":""},"categories":[1841],"tags":[2028,1605,3364,29,23991,30,177,26860,2290,1209,176,121,70797,20035,46778,4578],"class_list":{"0":"post-225214","1":"post","2":"type-post","3":"status-publish","4":"format-standard","5":"has-post-thumbnail","7":"category-bielefeld","8":"tag-auseinandersetzung","9":"tag-bielefeld","10":"tag-de","11":"tag-deutschland","12":"tag-espelkamp","13":"tag-germany","14":"tag-kriminalitt","15":"tag-minden-lbbecke","16":"tag-mordkommission","17":"tag-nordrhein-westfalen","18":"tag-nrw","19":"tag-polizei","20":"tag-presseerklrung","21":"tag-serie_polizeibericht","22":"tag-staatsanwaltschaft-bielefeld","23":"tag-zeugenaufruf"},"share_on_mastodon":{"url":"https:\/\/pubeurope.com\/@de\/114759327118287033","error":""},"_links":{"self":[{"href":"https:\/\/www.europesays.com\/de\/wp-json\/wp\/v2\/posts\/225214","targetHints":{"allow":["GET"]}}],"collection":[{"href":"https:\/\/www.europesays.com\/de\/wp-json\/wp\/v2\/posts"}],"about":[{"href":"https:\/\/www.europesays.com\/de\/wp-json\/wp\/v2\/types\/post"}],"author":[{"embeddable":true,"href":"https:\/\/www.europesays.com\/de\/wp-json\/wp\/v2\/users\/2"}],"replies":[{"embeddable":true,"href":"https:\/\/www.europesays.com\/de\/wp-json\/wp\/v2\/comments?post=225214"}],"version-history":[{"count":0,"href":"https:\/\/www.europesays.com\/de\/wp-json\/wp\/v2\/posts\/225214\/revisions"}],"wp:featuredmedia":[{"embeddable":true,"href":"https:\/\/www.europesays.com\/de\/wp-json\/wp\/v2\/media\/215667"}],"wp:attachment":[{"href":"https:\/\/www.europesays.com\/de\/wp-json\/wp\/v2\/media?parent=225214"}],"wp:term":[{"taxonomy":"category","embeddable":true,"href":"https:\/\/www.europesays.com\/de\/wp-json\/wp\/v2\/categories?post=225214"},{"taxonomy":"post_tag","embeddable":true,"href":"https:\/\/www.europesays.com\/de\/wp-json\/wp\/v2\/tags?post=225214"}],"curies":[{"name":"wp","href":"https:\/\/api.w.org\/{rel}","templated":true}]}}