{"id":225373,"date":"2025-06-28T06:53:10","date_gmt":"2025-06-28T06:53:10","guid":{"rendered":"https:\/\/www.europesays.com\/de\/225373\/"},"modified":"2025-06-28T06:53:10","modified_gmt":"2025-06-28T06:53:10","slug":"die-wehrmacht-will-ein-buendnis-mit-frankreich-diepresse-com","status":"publish","type":"post","link":"https:\/\/www.europesays.com\/de\/225373\/","title":{"rendered":"Die Wehrmacht will ein B\u00fcndnis mit Frankreich \u2013 DiePresse.com"},"content":{"rendered":"<p>Das B\u00fcndnis m\u00fcsste mit einer milit\u00e4rischen Zusammenarbeit verkn\u00fcpft sein.<\/p>\n<p><strong>Neue Freie Presse am 28. Juni 1935 <\/strong><\/p>\n<p>Wie Ihr Korrespondent von bestinformierter milit\u00e4rischer Seite h\u00f6rt, h\u00e4lt man an ma\u00dfgeblicher Stelle der deutschen Wehrmacht ein B\u00fcndnis mit Frankreich als dasjenige au\u00dfenpolitische Ziel, das von beiden L\u00e4ndern zur endg\u00fcltigen und dauerhaften Sicherung des Friedens in Europa angestrebt werden sollte. Deutschland werde bei der in Aussicht stehenden F\u00fchlungnahme mit Frankreich diesem Gedanken Geltung zu verschaffen suchen, und es werde nicht als ganz ausgeschlossen angesehen, da\u00df Deutschland mit einem formellen B\u00fcndnisantrag an Frankreich herantritt.<\/p>\n<p>    Lesen Sie mehr zu diesen Themen:<\/p>\n","protected":false},"excerpt":{"rendered":"Das B\u00fcndnis m\u00fcsste mit einer milit\u00e4rischen Zusammenarbeit verkn\u00fcpft sein. Neue Freie Presse am 28. Juni 1935 Wie Ihr&hellip;\n","protected":false},"author":2,"featured_media":225374,"comment_status":"","ping_status":"","sticky":false,"template":"","format":"standard","meta":{"footnotes":""},"categories":[3974],"tags":[331,332,548,663,3934,3980,156,13,14,15,12,17976],"class_list":{"0":"post-225373","1":"post","2":"type-post","3":"status-publish","4":"format-standard","5":"has-post-thumbnail","7":"category-frankreich","8":"tag-aktuelle-nachrichten","9":"tag-aktuelle-news","10":"tag-eu","11":"tag-europa","12":"tag-europe","13":"tag-france","14":"tag-frankreich","15":"tag-headlines","16":"tag-nachrichten","17":"tag-news","18":"tag-schlagzeilen","19":"tag-zeitreise"},"share_on_mastodon":{"url":"https:\/\/pubeurope.com\/@de\/114759677025672765","error":""},"_links":{"self":[{"href":"https:\/\/www.europesays.com\/de\/wp-json\/wp\/v2\/posts\/225373","targetHints":{"allow":["GET"]}}],"collection":[{"href":"https:\/\/www.europesays.com\/de\/wp-json\/wp\/v2\/posts"}],"about":[{"href":"https:\/\/www.europesays.com\/de\/wp-json\/wp\/v2\/types\/post"}],"author":[{"embeddable":true,"href":"https:\/\/www.europesays.com\/de\/wp-json\/wp\/v2\/users\/2"}],"replies":[{"embeddable":true,"href":"https:\/\/www.europesays.com\/de\/wp-json\/wp\/v2\/comments?post=225373"}],"version-history":[{"count":0,"href":"https:\/\/www.europesays.com\/de\/wp-json\/wp\/v2\/posts\/225373\/revisions"}],"wp:featuredmedia":[{"embeddable":true,"href":"https:\/\/www.europesays.com\/de\/wp-json\/wp\/v2\/media\/225374"}],"wp:attachment":[{"href":"https:\/\/www.europesays.com\/de\/wp-json\/wp\/v2\/media?parent=225373"}],"wp:term":[{"taxonomy":"category","embeddable":true,"href":"https:\/\/www.europesays.com\/de\/wp-json\/wp\/v2\/categories?post=225373"},{"taxonomy":"post_tag","embeddable":true,"href":"https:\/\/www.europesays.com\/de\/wp-json\/wp\/v2\/tags?post=225373"}],"curies":[{"name":"wp","href":"https:\/\/api.w.org\/{rel}","templated":true}]}}