{"id":225383,"date":"2025-06-28T06:58:09","date_gmt":"2025-06-28T06:58:09","guid":{"rendered":"https:\/\/www.europesays.com\/de\/225383\/"},"modified":"2025-06-28T06:58:09","modified_gmt":"2025-06-28T06:58:09","slug":"das-sagt-rtl-chef-stephan-schmitter-zum-mega-deal","status":"publish","type":"post","link":"https:\/\/www.europesays.com\/de\/225383\/","title":{"rendered":"DAS sagt RTL-Chef Stephan Schmitter zum Mega-Deal"},"content":{"rendered":"<p>TV- und Streaming-Hammer!RTL Deutschland kauft Sky Deutschland<\/p>\n<p>03:41 min<\/p>\n<p>RTL kauft Sky!<\/p>\n<p>Das sagt unser Boss \u00fcber den Mega-Deal f\u00fcr die Zuschauerinnen und Zuschauer<\/p>\n<p>28. Juni 2025 um 08:38 Uhr<\/p>\n<p class=\"Typography_text-default__wldUd Typography_align-left__koBUM AnnotatedMarkup_paragraph__IUT9l\"><strong>Mehr TV-Power, mehr geiles Streaming f\u00fcr Millionen Zuschauerinnen und Zuschauer!<\/strong><br \/>RTL kauft Sky Deutschland. Durch das Zusammengehen von RTL Deutschland und Sky Deutschland mit seinem Streamingdienst WOW entsteht ein einzigartiges Angebot f\u00fcr Unterhaltung, Sport und Informationen in den Bereichen Streaming, Free-TV und Pay-TV mit rund 11,5 Millionen zahlenden Abonnenten.<\/p>\n<p>RTL kauft Sky: Das sagt der RTL-Chef<img alt=\"Der Gesch\u00e4ftsf\u00fchrer der RTL NEWS, Stephan Schmitter\" loading=\"lazy\" width=\"940\" height=\"529\" decoding=\"async\" data-nimg=\"1\" class=\"Image_image__SdgLQ Picture_image__vGN9W\" style=\"color:transparent\"   src=\"https:\/\/www.europesays.com\/de\/wp-content\/uploads\/2025\/06\/der-geschaeftsfuehrer-der-rtl-news-stephan-schmitter.webp.webp\"\/><\/p>\n<p>RTL-Boss Stephan Schmitter: \u201eDer Erwerb von Sky Deutschland ist f\u00fcr RTL eine einmalige Gelegenheit\u201d<\/p>\n<p>Marina Rosa Weigl, Mediengruppe RTL Deutschland<\/p>\n<p class=\"Typography_text-default__wldUd Typography_align-left__koBUM AnnotatedMarkup_paragraph__IUT9l\">Stephan Schmitter, CEO von RTL Deutschland, sagt: \u201e<strong>Der Erwerb von Sky Deutschland ist f\u00fcr RTL eine einmalige Gelegenheit: Wir bringen zwei gro\u00dfe europ\u00e4ische Medienmarken zusammen und schaffen eine f\u00fchrende Streaming- und TV-Plattform. <\/strong>Beide Unternehmen erg\u00e4nzen sich ideal. RTL steht f\u00fcr gro\u00dfe Shows und Sport-Highlights, unabh\u00e4ngigen Journalismus und die beliebtesten Reality-Formate. Sky ist in Deutschland als Heimat der Bundesliga und Formel 1 die klare Nummer eins im Sport und steht f\u00fcr weltweit beliebte Filme und Serien. Zusammen mit unseren au\u00dfergew\u00f6hnlichen Kreativen, bekannten K\u00f6pfen und Talenten schaffen wir ein in Europa einzigartiges Angebot, das wir gemeinsam weiterentwickeln werden \u2013 von Free bis Premium, von linearem TV bis Streaming. F\u00fcr unser Publikum bedeutet das: Noch mehr Content-Auswahl \u2013 auf allen Kan\u00e4len und Endger\u00e4ten. Aus unserer erfolgreichen Inhalte-Partnerschaft wissen wir, dass Sky ein exzellentes Team und gro\u00dfartige Experten hat, die die Unternehmenskultur und das Ziel von RTL teilen: Unserem Publikum rund um die Uhr die besten Inhalte zu bieten.\u201c<\/p>\n<p class=\"Typography_text-default__wldUd Typography_align-left__koBUM AnnotatedMarkup_paragraph__IUT9l\">RTL zahlt f\u00fcr den Kauf zun\u00e4chst 150 Millionen Euro in bar, hinzu kommen variable Zahlungen von bis zu 377 Millionen Euro. Sky Deutschland erzielte zuletzt einen Jahresumsatz von rund 2 Milliarden Euro. Die Wettbewerbsh\u00fcter m\u00fcssen dem Deal noch zustimmen.<\/p>\n<p>Auch der Streaming-Dienst WOW geh\u00f6rt zu Sky<\/p>\n<p class=\"Typography_text-default__wldUd Typography_align-left__koBUM AnnotatedMarkup_paragraph__IUT9l\">Mit RTL+, Sky und WOW unter einem Dach sind RTL Deutschland und Sky Deutschland bei zahlenden Abonnenten und Streaming-Ums\u00e4tzen auf Augenh\u00f6he mit den gr\u00f6\u00dften US-amerikanischen Streamingdiensten \u2013 und damit ein noch attraktiverer Partner in den Bereichen Distribution und Streaming.<\/p>\n<p class=\"Typography_text-default__wldUd Typography_align-left__koBUM AnnotatedMarkup_paragraph__IUT9l\">Barny Mills, CEO von Sky Deutschland, sagt: \u201eMit dem geplanten Zusammenschluss mit RTL beginnt ein spannender neuer Abschnitt f\u00fcr Sky Deutschland. Dank unserer Finanz- und Gesch\u00e4ftsentwicklung bauen wir auf einem starken Fundament f\u00fcr weiteres Wachstum auf. Mit der Kombination aus erstklassigen Sport- und Unterhaltungsinhalten, modernster Technologie und lokaler Marktkenntnis werden wir Millionen Kunden in Deutschland, \u00d6sterreich und der Schweiz ein unvergleichliches Erlebnis bieten.\u201c<\/p>\n<p>Anzeige:<\/p>\n<p>Empfehlungen unserer Partner<\/p>\n<p>Wer wird der Chef?<\/p>\n<p class=\"Typography_text-default__wldUd Typography_align-left__koBUM AnnotatedMarkup_paragraph__IUT9l\">RTL-Boss Stephan Schmitter (50) wird das neue Unternehmen leiten, sobald die Beh\u00f6rden den Kauf genehmigt haben. Der Hauptsitz von RTL bleibt K\u00f6ln, von Sky in M\u00fcnchen.<\/p>\n","protected":false},"excerpt":{"rendered":"TV- und Streaming-Hammer!RTL Deutschland kauft Sky Deutschland 03:41 min RTL kauft Sky! Das sagt unser Boss \u00fcber den&hellip;\n","protected":false},"author":2,"featured_media":225384,"comment_status":"","ping_status":"","sticky":false,"template":"","format":"standard","meta":{"footnotes":""},"categories":[2],"tags":[331,338,3924,332,3922,339,3364,29,344,342,343,30,13,14,335,3923,329,336,334,341,15,3921,330,337,333,640,328,327,12,340],"class_list":{"0":"post-225383","1":"post","2":"type-post","3":"status-publish","4":"format-standard","5":"has-post-thumbnail","7":"category-deutschland","8":"tag-aktuelle-nachrichten","9":"tag-aktuelle-nachrichten-auf-einen-blick","10":"tag-aktuelle-nachrichten-aus-deutschland","11":"tag-aktuelle-news","12":"tag-aktuelle-news-aus-deutschland","13":"tag-aktuelle-themen-in-der-welt","14":"tag-de","15":"tag-deutschland","16":"tag-ems_-news","17":"tag-ems_news_newsausland","18":"tag-ems_news_newsinland","19":"tag-germany","20":"tag-headlines","21":"tag-nachrichten","22":"tag-nachrichten-aus-aller-welt","23":"tag-nachrichten-aus-deutschland","24":"tag-nachrichten-deutschland","25":"tag-nachrichten-heute","26":"tag-nachrichten-international","27":"tag-nachrichten-usa","28":"tag-news","29":"tag-news-aus-deutschland","30":"tag-news-deutschland","31":"tag-news-heute","32":"tag-news-international","33":"tag-rtl","34":"tag-rtl-nachrichten","35":"tag-rtl-news","36":"tag-schlagzeilen","37":"tag-usa-news"},"share_on_mastodon":{"url":"","error":"Validation failed: Text character limit of 500 exceeded"},"_links":{"self":[{"href":"https:\/\/www.europesays.com\/de\/wp-json\/wp\/v2\/posts\/225383","targetHints":{"allow":["GET"]}}],"collection":[{"href":"https:\/\/www.europesays.com\/de\/wp-json\/wp\/v2\/posts"}],"about":[{"href":"https:\/\/www.europesays.com\/de\/wp-json\/wp\/v2\/types\/post"}],"author":[{"embeddable":true,"href":"https:\/\/www.europesays.com\/de\/wp-json\/wp\/v2\/users\/2"}],"replies":[{"embeddable":true,"href":"https:\/\/www.europesays.com\/de\/wp-json\/wp\/v2\/comments?post=225383"}],"version-history":[{"count":0,"href":"https:\/\/www.europesays.com\/de\/wp-json\/wp\/v2\/posts\/225383\/revisions"}],"wp:featuredmedia":[{"embeddable":true,"href":"https:\/\/www.europesays.com\/de\/wp-json\/wp\/v2\/media\/225384"}],"wp:attachment":[{"href":"https:\/\/www.europesays.com\/de\/wp-json\/wp\/v2\/media?parent=225383"}],"wp:term":[{"taxonomy":"category","embeddable":true,"href":"https:\/\/www.europesays.com\/de\/wp-json\/wp\/v2\/categories?post=225383"},{"taxonomy":"post_tag","embeddable":true,"href":"https:\/\/www.europesays.com\/de\/wp-json\/wp\/v2\/tags?post=225383"}],"curies":[{"name":"wp","href":"https:\/\/api.w.org\/{rel}","templated":true}]}}