{"id":225471,"date":"2025-06-28T07:48:10","date_gmt":"2025-06-28T07:48:10","guid":{"rendered":"https:\/\/www.europesays.com\/de\/225471\/"},"modified":"2025-06-28T07:48:10","modified_gmt":"2025-06-28T07:48:10","slug":"ruanda-und-dr-kongo-unterzeichnen-friedensabkommen-in-washington","status":"publish","type":"post","link":"https:\/\/www.europesays.com\/de\/225471\/","title":{"rendered":"Ruanda und DR Kongo unterzeichnen Friedensabkommen in Washington"},"content":{"rendered":"<p class=\"metatextline\">Stand: 28.06.2025 08:02 Uhr<\/p>\n<p class=\"textabsatz columns twelve  m-ten  m-offset-one l-eight l-offset-two\">\n        <strong>In der Demokratischen Republik Kongo toben seit Jahren heftige K\u00e4mpfe. Nun haben Ruanda und das Land ein von den USA vermitteltes Friedensabkommen unterzeichnet. Ein &#8222;wichtiger Schritt&#8220;, lobt UN-Generalsekret\u00e4r Guterres.<\/strong>\n    <\/p>\n<p class=\"textabsatz m-ten m-offset-one l-eight l-offset-two columns twelve\">\nDie Demokratische\u00a0Republik Kongo und Ruanda haben in Washington ein von den USA vermitteltes Friedensabkommen unterzeichnet. Es soll den jahrzehntelangen Konflikt im Osten der Demokratischen Republik Kongo beenden.<\/p>\n<p class=\"textabsatz m-ten m-offset-one l-eight l-offset-two columns twelve\">\nDeren Au\u00dfenministerin Therese Kayikwamba Wagner und ihr Amtskollege aus Ruanda, Olivier Nduhungirehe, richteten ihren Dank an US-Pr\u00e4sident Donald Trump, der sich f\u00fcr das Abkommen pers\u00f6nlich eingesetzt habe. US-Au\u00dfenminister Marco Rubio sprach von einem &#8222;wichtigen Moment&#8220; nach Jahrzehnten des Konflikts.<\/p>\n<p class=\"textabsatz m-ten m-offset-one l-eight l-offset-two columns twelve\">\nDer Konflikt war seit Januar dieses Jahres eskaliert. Im rohstoffreichen Osten des Landes hatte die von Ruanda unterst\u00fctzte <a href=\"https:\/\/www.tagesschau.de\/ausland\/afrika\/kongo-rebellen-goma-100.html\" title=\"Demokratische Republik Kongo: Rebellen nehmen offenbar Goma ein\" rel=\"nofollow noopener\" target=\"_blank\">Rebellengruppe M23 die Stadt Goma<\/a> und angrenzende St\u00e4dte und Ortschaften eingenommen.\u00a0In ihren eroberten Gebieten setzten die Rebellen eigene Verwaltungen ein. Als Ergebnis von Vermittlungsbem\u00fchungen durch die USA und Katar verst\u00e4ndigten sich beide Staaten dann im April auf eine Grundsatzerkl\u00e4rung.<\/p>\n<p>    R\u00fcckzug bewaffneter Gruppen<\/p>\n<p class=\"textabsatz m-ten m-offset-one l-eight l-offset-two columns twelve\">\nDas Abkommen tritt sofort in Kraft. Es enth\u00e4lt nach offiziellen Angaben Bestimmungen zur Achtung territorialer Integrit\u00e4t, ein Verbot der Feindseligkeiten sowie den R\u00fcckzug, die Entwaffnung und die Integration nicht staatlicher bewaffneter Gruppen. Zudem soll die R\u00fcckkehr von Fl\u00fcchtlingen und Binnenvertriebenen erleichtert und humanit\u00e4rer Zugang zum Konfliktgebiet erm\u00f6glicht werden.<\/p>\n<p class=\"textabsatz m-ten m-offset-one l-eight l-offset-two columns twelve\">\nBeide L\u00e4nder hatten sich zuletzt auch in bilateralen Verhandlungen um die Gunst der US-Regierung bem\u00fcht. Die Demokratische Republik Kongo bot ein Rohstoffabkommen nach dem Vorbild des ukrainischen Abkommens mit den USA an. Ruanda erw\u00e4gt die Aufnahme abgeschobener Migrantinnen und Migranten.<\/p>\n<p>    Guterres: &#8222;Wichtiger Schritt&#8220;<\/p>\n<p class=\"textabsatz m-ten m-offset-one l-eight l-offset-two columns twelve\">\nUN-Generalsekret\u00e4r Ant\u00f3nio Guterres w\u00fcrdigte das Abkommen als &#8222;wichtigen Schritt hin zu einer Deeskalation&#8220;. Dar\u00fcber hinaus lobte er die USA f\u00fcr ihre F\u00fchrungsrolle bei der Vermittlung. Er fordere die Parteien auf, die Verpflichtungen, die sie im Friedensabkommen eingegangen seien, vollst\u00e4ndig einzuhalten. Die UN seien fest entschlossen, die Umsetzung des Abkommens in enger Abstimmung mit der Afrikanischen Union sowie regionalen und internationalen Partnern zu unterst\u00fctzen.<\/p>\n<p class=\"textabsatz m-ten m-offset-one l-eight l-offset-two columns twelve\">\nDas Ausw\u00e4rtige Amt in Berlin wertete das Abkommen im Onlinedienst X als &#8222;wichtigen Schritt zum Frieden&#8220; in der Region. Es sei nun von entscheidender Bedeutung, die Kernpunkte auf beiden Seiten umzusetzen: die Anerkennung der territorialen Integrit\u00e4t beider L\u00e4nder, die Beendigung der K\u00e4mpfe und die &#8222;Neutralisierung&#8220; bewaffneter Gruppen im Osten der Demokratischen Republik Kongo.<\/p>\n<p>    Viele seltene Metalle im Ostkongo<\/p>\n<p class=\"textabsatz m-ten m-offset-one l-eight l-offset-two columns twelve\">\nMehr als eine halbe Million Menschen sind laut UN seit Jahresbeginn vor den K\u00e4mpfen geflohen, w\u00e4hrend Hunderte get\u00f6tet und Tausende verletzt wurden. Nach Sch\u00e4tzungen der Weltern\u00e4hrungsorganisation WFP sind in den vom Konflikt betroffenen \u00f6stlichen Provinzen aktuell knapp acht Millionen Menschen von Ern\u00e4hrungsunsicherheit betroffen.<\/p>\n<p class=\"textabsatz m-ten m-offset-one l-eight l-offset-two columns twelve\">\nIm Osten der Demokratischen Republik Kongo werden einige der seltensten und wertvollsten Metalle der Welt in gro\u00dfen Mengen abgebaut, darunter Tantal, Gold, Nickel, Kobalt und Kupfer. Tantal ist beispielsweise f\u00fcr die Herstellung von Laptops, Smartphones und den Batterien von E-Fahrzeugen unabdingbar.<\/p>\n","protected":false},"excerpt":{"rendered":"Stand: 28.06.2025 08:02 Uhr In der Demokratischen Republik Kongo toben seit Jahren heftige K\u00e4mpfe. Nun haben Ruanda und&hellip;\n","protected":false},"author":2,"featured_media":225472,"comment_status":"","ping_status":"","sticky":false,"template":"","format":"standard","meta":{"footnotes":""},"categories":[5],"tags":[13,15542,14,15,8633,12,10,8,9,11,64],"class_list":{"0":"post-225471","1":"post","2":"type-post","3":"status-publish","4":"format-standard","5":"has-post-thumbnail","7":"category-nachrichten","8":"tag-headlines","9":"tag-kongo","10":"tag-nachrichten","11":"tag-news","12":"tag-ruanda","13":"tag-schlagzeilen","14":"tag-top-news","15":"tag-top-meldungen","16":"tag-topmeldungen","17":"tag-topnews","18":"tag-usa"},"share_on_mastodon":{"url":"","error":""},"_links":{"self":[{"href":"https:\/\/www.europesays.com\/de\/wp-json\/wp\/v2\/posts\/225471","targetHints":{"allow":["GET"]}}],"collection":[{"href":"https:\/\/www.europesays.com\/de\/wp-json\/wp\/v2\/posts"}],"about":[{"href":"https:\/\/www.europesays.com\/de\/wp-json\/wp\/v2\/types\/post"}],"author":[{"embeddable":true,"href":"https:\/\/www.europesays.com\/de\/wp-json\/wp\/v2\/users\/2"}],"replies":[{"embeddable":true,"href":"https:\/\/www.europesays.com\/de\/wp-json\/wp\/v2\/comments?post=225471"}],"version-history":[{"count":0,"href":"https:\/\/www.europesays.com\/de\/wp-json\/wp\/v2\/posts\/225471\/revisions"}],"wp:featuredmedia":[{"embeddable":true,"href":"https:\/\/www.europesays.com\/de\/wp-json\/wp\/v2\/media\/225472"}],"wp:attachment":[{"href":"https:\/\/www.europesays.com\/de\/wp-json\/wp\/v2\/media?parent=225471"}],"wp:term":[{"taxonomy":"category","embeddable":true,"href":"https:\/\/www.europesays.com\/de\/wp-json\/wp\/v2\/categories?post=225471"},{"taxonomy":"post_tag","embeddable":true,"href":"https:\/\/www.europesays.com\/de\/wp-json\/wp\/v2\/tags?post=225471"}],"curies":[{"name":"wp","href":"https:\/\/api.w.org\/{rel}","templated":true}]}}