{"id":225687,"date":"2025-06-28T09:45:10","date_gmt":"2025-06-28T09:45:10","guid":{"rendered":"https:\/\/www.europesays.com\/de\/225687\/"},"modified":"2025-06-28T09:45:10","modified_gmt":"2025-06-28T09:45:10","slug":"nuernberg-frau-verletzt-45-jaehrige-nach-streit-bayern","status":"publish","type":"post","link":"https:\/\/www.europesays.com\/de\/225687\/","title":{"rendered":"N\u00fcrnberg; Frau verletzt 45-J\u00e4hrige nach Streit &#8211; Bayern"},"content":{"rendered":"<p data-manual=\"paragraph\" data-schema-org-speakable=\"true\" class=\"css-1ylqqlw\">In <a href=\"https:\/\/www.sueddeutsche.de\/thema\/N%C3%BCrnberg\" target=\"_blank\" rel=\"noopener\">N\u00fcrnberg<\/a> ist der Streit zwischen zwei Frauen in einer privaten Wohnung eskaliert: Eine 39-J\u00e4hrige hat ihre sechs Jahre \u00e4ltere Widersacherin mit einem Messer verletzt und so den Einsatz von Polizei-Spezialkr\u00e4ften ausgel\u00f6st. Diese h\u00e4tten die Frau festgenommen, teilte die Polizei mit. Die 45-J\u00e4hrige wiederum sei stark blutend angetroffen und in ein Krankenhaus gebracht worden.<\/p>\n<p data-manual=\"paragraph\" data-schema-org-speakable=\"true\" class=\"css-1ylqqlw\">Die Angreiferin habe mutma\u00dflich unter dem Einfluss von Rauschmitteln gestanden und sich in einer psychischen Ausnahmesituation befunden. Sie sei in ein psychiatrisches Krankenhaus gebracht worden. Das genaue Motiv f\u00fcr den gewaltsam ausgetragenen Streit war zun\u00e4chst nicht bekannt.<\/p>\n","protected":false},"excerpt":{"rendered":"In N\u00fcrnberg ist der Streit zwischen zwei Frauen in einer privaten Wohnung eskaliert: Eine 39-J\u00e4hrige hat ihre sechs&hellip;\n","protected":false},"author":2,"featured_media":225688,"comment_status":"","ping_status":"","sticky":false,"template":"","format":"standard","meta":{"footnotes":""},"categories":[1837],"tags":[772,3364,29,30,4156,3783,11336,149],"class_list":{"0":"post-225687","1":"post","2":"type-post","3":"status-publish","4":"format-standard","5":"has-post-thumbnail","7":"category-nuernberg","8":"tag-bayern","9":"tag-de","10":"tag-deutschland","11":"tag-germany","12":"tag-mittelfranken","13":"tag-nuernberg","14":"tag-polizei-und-feuerwehr-in-bayern","15":"tag-sueddeutsche-zeitung"},"share_on_mastodon":{"url":"","error":""},"_links":{"self":[{"href":"https:\/\/www.europesays.com\/de\/wp-json\/wp\/v2\/posts\/225687","targetHints":{"allow":["GET"]}}],"collection":[{"href":"https:\/\/www.europesays.com\/de\/wp-json\/wp\/v2\/posts"}],"about":[{"href":"https:\/\/www.europesays.com\/de\/wp-json\/wp\/v2\/types\/post"}],"author":[{"embeddable":true,"href":"https:\/\/www.europesays.com\/de\/wp-json\/wp\/v2\/users\/2"}],"replies":[{"embeddable":true,"href":"https:\/\/www.europesays.com\/de\/wp-json\/wp\/v2\/comments?post=225687"}],"version-history":[{"count":0,"href":"https:\/\/www.europesays.com\/de\/wp-json\/wp\/v2\/posts\/225687\/revisions"}],"wp:featuredmedia":[{"embeddable":true,"href":"https:\/\/www.europesays.com\/de\/wp-json\/wp\/v2\/media\/225688"}],"wp:attachment":[{"href":"https:\/\/www.europesays.com\/de\/wp-json\/wp\/v2\/media?parent=225687"}],"wp:term":[{"taxonomy":"category","embeddable":true,"href":"https:\/\/www.europesays.com\/de\/wp-json\/wp\/v2\/categories?post=225687"},{"taxonomy":"post_tag","embeddable":true,"href":"https:\/\/www.europesays.com\/de\/wp-json\/wp\/v2\/tags?post=225687"}],"curies":[{"name":"wp","href":"https:\/\/api.w.org\/{rel}","templated":true}]}}