{"id":225728,"date":"2025-06-28T10:07:10","date_gmt":"2025-06-28T10:07:10","guid":{"rendered":"https:\/\/www.europesays.com\/de\/225728\/"},"modified":"2025-06-28T10:07:10","modified_gmt":"2025-06-28T10:07:10","slug":"muenchen-friederike-kreutzkamm-gestorben-muenchen","status":"publish","type":"post","link":"https:\/\/www.europesays.com\/de\/225728\/","title":{"rendered":"M\u00fcnchen: Friederike Kreutzkamm gestorben &#8211; M\u00fcnchen"},"content":{"rendered":"<p data-manual=\"paragraph\" data-schema-org-speakable=\"true\" class=\"css-1ylqqlw\">Der Name Kreutzkamm steht f\u00fcr feine Baumkuchen und Stollen, aber auch f\u00fcr die s\u00e4chsische Eierschecke. Diese s\u00fc\u00dfe Kuchenspezialit\u00e4t f\u00fchrt zu den Anf\u00e4ngen des Familienunternehmens nach Dresden. Dort gr\u00fcndete 1825 Heinrich-Jeremias Kreutzkamm die Firma, die bis heute fest in Familienhand ist. Nach der verheerenden Dresdener Bombennacht im Februar 1945 ging es dort erst nach einigen Jahrzehnten Unterbrechung und der beherzten Entscheidung von Friederike Kreutzkamm weiter. Die Witwe von Ur-Enkel Fritz Kreutzkamm (1902-1981) baute 1991 von <a href=\"https:\/\/www.sueddeutsche.de\/thema\/M%C3%BCnchen\" target=\"_blank\" rel=\"noopener\">M\u00fcnchen<\/a> aus wieder eine Dependance am Ursprungsort auf.<\/p>\n<p data-manual=\"paragraph\" data-schema-org-speakable=\"true\" class=\"css-1ylqqlw\">M\u00fcnchen aber ist der Mittelpunkt der \u201emodernen Matriarchin\u201c geblieben. Mit gutem unternehmerischen Gesp\u00fcr, Disziplin, Mut und Weitblick f\u00fchrte Friederike Kreutzkamm die Gesch\u00e4fte nach dem Tod ihres Mannes weiter. Stets hatte sie das Wohlergehen ihrer Angestellten und ihrer Familie im Blick. Neben dem Stammhaus in der Maffeistra\u00dfe leitete sie die Confiserie in der Pacellistra\u00dfe und baute die Produktionsst\u00e4tten in Bogenhausen aus. Erst mit 86 Jahren zog sie sich 2018 zur\u00fcck und \u00fcbergab die Gesch\u00e4ftsf\u00fchrung an ihre Tochter Elisabeth Kreutzkamm-Aum\u00fcller. Mit Enkelin Katharina Kreutzkamm-Aum\u00fcller ist nun die sechste Generation im Betrieb. Die sagt, seitdem erahne sie mehr und mehr, was die Gro\u00dfmutter geleistet habe. Am 14.Juni, teilte die Familie mit, verstarb das \u201eVorbild weit \u00fcbers Berufliche hinaus\u201c im Familienkreis.<\/p>\n","protected":false},"excerpt":{"rendered":"Der Name Kreutzkamm steht f\u00fcr feine Baumkuchen und Stollen, aber auch f\u00fcr die s\u00e4chsische Eierschecke. Diese s\u00fc\u00dfe Kuchenspezialit\u00e4t&hellip;\n","protected":false},"author":2,"featured_media":225729,"comment_status":"","ping_status":"","sticky":false,"template":"","format":"standard","meta":{"footnotes":""},"categories":[1827],"tags":[772,29,3078,30,3311,1268,71705,149,3967,173],"class_list":{"0":"post-225728","1":"post","2":"type-post","3":"status-publish","4":"format-standard","5":"has-post-thumbnail","7":"category-muenchen","8":"tag-bayern","9":"tag-deutschland","10":"tag-familienunternehmen","11":"tag-germany","12":"tag-leben-und-gesellschaft-in-muenchen","13":"tag-muenchen","14":"tag-nachrufe","15":"tag-sueddeutsche-zeitung","16":"tag-sz-leute","17":"tag-unternehmen"},"share_on_mastodon":{"url":"","error":""},"_links":{"self":[{"href":"https:\/\/www.europesays.com\/de\/wp-json\/wp\/v2\/posts\/225728","targetHints":{"allow":["GET"]}}],"collection":[{"href":"https:\/\/www.europesays.com\/de\/wp-json\/wp\/v2\/posts"}],"about":[{"href":"https:\/\/www.europesays.com\/de\/wp-json\/wp\/v2\/types\/post"}],"author":[{"embeddable":true,"href":"https:\/\/www.europesays.com\/de\/wp-json\/wp\/v2\/users\/2"}],"replies":[{"embeddable":true,"href":"https:\/\/www.europesays.com\/de\/wp-json\/wp\/v2\/comments?post=225728"}],"version-history":[{"count":0,"href":"https:\/\/www.europesays.com\/de\/wp-json\/wp\/v2\/posts\/225728\/revisions"}],"wp:featuredmedia":[{"embeddable":true,"href":"https:\/\/www.europesays.com\/de\/wp-json\/wp\/v2\/media\/225729"}],"wp:attachment":[{"href":"https:\/\/www.europesays.com\/de\/wp-json\/wp\/v2\/media?parent=225728"}],"wp:term":[{"taxonomy":"category","embeddable":true,"href":"https:\/\/www.europesays.com\/de\/wp-json\/wp\/v2\/categories?post=225728"},{"taxonomy":"post_tag","embeddable":true,"href":"https:\/\/www.europesays.com\/de\/wp-json\/wp\/v2\/tags?post=225728"}],"curies":[{"name":"wp","href":"https:\/\/api.w.org\/{rel}","templated":true}]}}