{"id":225743,"date":"2025-06-28T10:15:10","date_gmt":"2025-06-28T10:15:10","guid":{"rendered":"https:\/\/www.europesays.com\/de\/225743\/"},"modified":"2025-06-28T10:15:10","modified_gmt":"2025-06-28T10:15:10","slug":"schlaegerei-in-schoeneberg-jugendlicher-schwer-verletzt-regional","status":"publish","type":"post","link":"https:\/\/www.europesays.com\/de\/225743\/","title":{"rendered":"Schl\u00e4gerei in Sch\u00f6neberg: Jugendlicher schwer verletzt | Regional"},"content":{"rendered":"<p>Berlin \u2013 <b>Ein 14-j\u00e4hriger Junge ist nach einer n\u00e4chtlichen Schl\u00e4gerei in Sch\u00f6neberg ins Krankenhaus eingeliefert worden.<\/b><\/p>\n<p>Der Vorfall ereignete sich gegen 1 Uhr auf der Maa\u00dfenstra\u00dfe, als der Jugendliche mit einem 20-J\u00e4hrigen und einem 19-J\u00e4hrigen in Streit geriet. <\/p>\n<p>Auch interessant<\/p>\n<p>Anzeige<\/p>\n<p>Auch interessant<\/p>\n<p>Anzeige<\/p>\n<p>Dabei erlitt der 14-J\u00e4hrige eine Kopfverletzung durch eine Glasflasche und musste von Rettungskr\u00e4ften zur station\u00e4ren Behandlung gebracht werden. Die genauen Umst\u00e4nde der Verletzung sind noch unklar und werden untersucht.<\/p>\n<p>Zeugen beobachteten die Auseinandersetzung und griffen teilweise ein. Alle Beteiligten standen unter Alkoholeinfluss und mussten sich einer Blutentnahme unterziehen, die von der Staatsanwaltschaft angeordnet wurde. <\/p>\n<p>Der 20-J\u00e4hrige leistete Widerstand bei seiner Festnahme, beleidigte und bedrohte die Polizisten. <\/p>\n<p><b>Er trat einem Beamten ins Gesicht, der dabei leicht verletzt wurde, seinen Dienst jedoch fortsetzen konnte.<\/b><\/p>\n<p>Nach Abschluss der polizeilichen Ma\u00dfnahmen wurden die Beteiligten entlassen. Ein Fachkommissariat der Polizeidirektion 4 (S\u00fcd) f\u00fchrt die weiteren Ermittlungen.<\/p>\n<p>Dieser Text basiert auf einer offiziellen Beh\u00f6rden-Information und wurde mit Hilfe von KI erstellt.<\/p>\n","protected":false},"excerpt":{"rendered":"Berlin \u2013 Ein 14-j\u00e4hriger Junge ist nach einer n\u00e4chtlichen Schl\u00e4gerei in Sch\u00f6neberg ins Krankenhaus eingeliefert worden. Der Vorfall&hellip;\n","protected":false},"author":2,"featured_media":225744,"comment_status":"","ping_status":"","sticky":false,"template":"","format":"standard","meta":{"footnotes":""},"categories":[1825],"tags":[296,29,30,1000,2509,121,45,1995],"class_list":{"0":"post-225743","1":"post","2":"type-post","3":"status-publish","4":"format-standard","5":"has-post-thumbnail","7":"category-berlin","8":"tag-berlin","9":"tag-deutschland","10":"tag-germany","11":"tag-gewalt","12":"tag-ki-ots","13":"tag-polizei","14":"tag-texttospeech","15":"tag-verbrechen"},"share_on_mastodon":{"url":"","error":""},"_links":{"self":[{"href":"https:\/\/www.europesays.com\/de\/wp-json\/wp\/v2\/posts\/225743","targetHints":{"allow":["GET"]}}],"collection":[{"href":"https:\/\/www.europesays.com\/de\/wp-json\/wp\/v2\/posts"}],"about":[{"href":"https:\/\/www.europesays.com\/de\/wp-json\/wp\/v2\/types\/post"}],"author":[{"embeddable":true,"href":"https:\/\/www.europesays.com\/de\/wp-json\/wp\/v2\/users\/2"}],"replies":[{"embeddable":true,"href":"https:\/\/www.europesays.com\/de\/wp-json\/wp\/v2\/comments?post=225743"}],"version-history":[{"count":0,"href":"https:\/\/www.europesays.com\/de\/wp-json\/wp\/v2\/posts\/225743\/revisions"}],"wp:featuredmedia":[{"embeddable":true,"href":"https:\/\/www.europesays.com\/de\/wp-json\/wp\/v2\/media\/225744"}],"wp:attachment":[{"href":"https:\/\/www.europesays.com\/de\/wp-json\/wp\/v2\/media?parent=225743"}],"wp:term":[{"taxonomy":"category","embeddable":true,"href":"https:\/\/www.europesays.com\/de\/wp-json\/wp\/v2\/categories?post=225743"},{"taxonomy":"post_tag","embeddable":true,"href":"https:\/\/www.europesays.com\/de\/wp-json\/wp\/v2\/tags?post=225743"}],"curies":[{"name":"wp","href":"https:\/\/api.w.org\/{rel}","templated":true}]}}