{"id":225815,"date":"2025-06-28T10:55:22","date_gmt":"2025-06-28T10:55:22","guid":{"rendered":"https:\/\/www.europesays.com\/de\/225815\/"},"modified":"2025-06-28T10:55:22","modified_gmt":"2025-06-28T10:55:22","slug":"verteidigung-kriegsbereitschaft-grossbritannien-investiert-milliarden","status":"publish","type":"post","link":"https:\/\/www.europesays.com\/de\/225815\/","title":{"rendered":"Verteidigung: Kriegsbereitschaft: Gro\u00dfbritannien investiert Milliarden"},"content":{"rendered":"<p>\t\t\t\t\t\t\t\t\t\t\t\t\t\t\t\t\t\t\t\t\t\t\t\t\t\t\t\t      \t\t            \t\t             \t\t\t\t   \t\t\t\t\t   <img decoding=\"async\" id=\"article-image\" fetchpriority=\"high\" alt=\"Verteidigung: Kriegsbereitschaft: Gro\u00dfbritannien investiert Milliarden\" title=\"Verteidigung: Kriegsbereitschaft: Gro\u00dfbritannien investiert Milliarden\" src=\"https:\/\/www.europesays.com\/de\/wp-content\/uploads\/2025\/06\/media.media.dc61c14b-dd1c-46f5-9a96-cee213c1b384.16x9_700.jpg\" data-linkto=\"https:\/\/www.stuttgarter-nachrichten.de\/javascript:void(0);\"\/>\t\t\t\t\t\t\t\t\t\t\t\t\t\t\t\t\t\t\t\t\t\t\t\tDer britische Premier will sein Land kriegsbereit machen.\u00a0Foto: Andy Buchanan\/POOL AFP\/AP\/dpa\t\t\t<\/p>\n<p>Angesichts wachsender Bedrohungen will auch die britische Regierung ihr Land kriegst\u00fcchtig machen. Daf\u00fcr k\u00fcndigt Premierminister Starmer massive Investitionen in die Verteidigung an.<\/p>\n<p>London &#8211; Auf dem Weg zur &#8222;Kriegsbereitschaft&#8220;\u00a0hat <a href=\"https:\/\/www.stuttgarter-nachrichten.de\/thema\/Gro%C3%9Fbritannien\" title=\"Gro\u00dfbritannien\" class=\"art_thema\" target=\"_blank\" rel=\"noopener\">Gro\u00dfbritannien<\/a> Milliardeninvestitionen in Milit\u00e4r und <a href=\"https:\/\/www.stuttgarter-nachrichten.de\/thema\/Verteidigung\" title=\"Verteidigung\" class=\"art_thema\" target=\"_blank\" rel=\"noopener\">Verteidigung<\/a> angek\u00fcndigt. Die Streitkr\u00e4fte f\u00fcr den Kriegsfall einsatzbereit zu machen, sei die zentrale Aufgabe, sagte Premierminister Keir Starmer. Es werde zudem alles getan, um mit einer &#8222;<a href=\"https:\/\/www.stuttgarter-nachrichten.de\/thema\/Nato\" title=\"Nato\" class=\"art_thema\" target=\"_blank\" rel=\"noopener\">Nato<\/a>-first&#8220;-Haltung zur St\u00e4rke der westlichen Milit\u00e4rallianz beizutragen.\u00a0<\/p>\n<p>Vor dem Hintergrund des russischen Angriffskrieges auf die Ukraine sagte der Premier, jeder m\u00fcsse erkennen, dass sich &#8222;die Dinge ver\u00e4ndert&#8220; h\u00e4tten. Die Frontlinie, wenn man so wolle, sagte Starmer, &#8222;ist hier&#8220;.<\/p>\n<p>Zu den Ma\u00dfnahmen geh\u00f6rt unter anderem der Bau von bis zu zw\u00f6lf neuen U-Booten. Die Regierung plant zudem mit Ausgaben in H\u00f6he von 15 Milliarden Pfund (rund 18 Mrd. Euro) f\u00fcr britische Programme zur Herstellung von Atomsprengk\u00f6pfen. Die Investitionen im Nuklearbereich sollen Zehntausende Arbeitspl\u00e4tze im ganzen Land schaffen.<\/p>\n<p>Die britischen Streitkr\u00e4fte sollen bis 2035 zehnmal schlagkr\u00e4ftiger sein, sagte Starmer. Bereit zu sein, den &#8222;Frieden durch St\u00e4rke&#8220; zu sichern, sei der wirksamste Weg, Staaten abzuschrecken, die Gro\u00dfbritannien direkt bedrohen.\u00a0<\/p>\n<p>Mehr Waffen mit gr\u00f6\u00dferer Reichweite <\/p>\n<p>Bereits am Sonntag hatte das Verteidigungsministerium angek\u00fcndigt, mit einer Milliardeninvestition die Munitionsproduktion anzukurbeln. Die Regierung wolle 1,5 Milliarden Pfund (etwa 1,8 Mrd. Euro) in den Bau von mindestens sechs neuen Fabriken investieren. Die Streitkr\u00e4fte sollen zudem mehr Waffen mit gr\u00f6\u00dferer Reichweite bekommen.<\/p>\n<p>Russlands v\u00f6lkerrechtswidriger Einmarsch in der Ukraine habe auf harte Weise gezeigt, dass ein Milit\u00e4r nur so stark sei wie die dahinterstehende Industrie, teilte Verteidigungsminister John Healey mit. Mit deren St\u00e4rkung sollten Gegner abgeschreckt sowie das Land sicherer und st\u00e4rker gemacht werden.<\/p>\n","protected":false},"excerpt":{"rendered":"Der britische Premier will sein Land kriegsbereit machen.\u00a0Foto: Andy Buchanan\/POOL AFP\/AP\/dpa Angesichts wachsender Bedrohungen will auch die britische&hellip;\n","protected":false},"author":2,"featured_media":225816,"comment_status":"","ping_status":"","sticky":false,"template":"","format":"standard","meta":{"footnotes":""},"categories":[3976],"tags":[331,332,551,13,984,8221,4046,14,1159,15,12,3992,3993,3994,3995,3996,3997,4961],"class_list":{"0":"post-225815","1":"post","2":"type-post","3":"status-publish","4":"format-standard","5":"has-post-thumbnail","7":"category-vereinigtes-koenigreich","8":"tag-aktuelle-nachrichten","9":"tag-aktuelle-news","10":"tag-grossbritannien","11":"tag-headlines","12":"tag-international","13":"tag-konflikte","14":"tag-krieg","15":"tag-nachrichten","16":"tag-nato","17":"tag-news","18":"tag-schlagzeilen","19":"tag-uk","20":"tag-united-kingdom","21":"tag-united-kingdom-of-great-britain-and-northern-ireland","22":"tag-vereinigtes-koenigreich","23":"tag-vereinigtes-koenigreich-grossbritannien-und-nordirland","24":"tag-vereinigtes-koenigreich-von-grossbritannien-und-nordirland","25":"tag-verteidigung"},"share_on_mastodon":{"url":"","error":""},"_links":{"self":[{"href":"https:\/\/www.europesays.com\/de\/wp-json\/wp\/v2\/posts\/225815","targetHints":{"allow":["GET"]}}],"collection":[{"href":"https:\/\/www.europesays.com\/de\/wp-json\/wp\/v2\/posts"}],"about":[{"href":"https:\/\/www.europesays.com\/de\/wp-json\/wp\/v2\/types\/post"}],"author":[{"embeddable":true,"href":"https:\/\/www.europesays.com\/de\/wp-json\/wp\/v2\/users\/2"}],"replies":[{"embeddable":true,"href":"https:\/\/www.europesays.com\/de\/wp-json\/wp\/v2\/comments?post=225815"}],"version-history":[{"count":0,"href":"https:\/\/www.europesays.com\/de\/wp-json\/wp\/v2\/posts\/225815\/revisions"}],"wp:featuredmedia":[{"embeddable":true,"href":"https:\/\/www.europesays.com\/de\/wp-json\/wp\/v2\/media\/225816"}],"wp:attachment":[{"href":"https:\/\/www.europesays.com\/de\/wp-json\/wp\/v2\/media?parent=225815"}],"wp:term":[{"taxonomy":"category","embeddable":true,"href":"https:\/\/www.europesays.com\/de\/wp-json\/wp\/v2\/categories?post=225815"},{"taxonomy":"post_tag","embeddable":true,"href":"https:\/\/www.europesays.com\/de\/wp-json\/wp\/v2\/tags?post=225815"}],"curies":[{"name":"wp","href":"https:\/\/api.w.org\/{rel}","templated":true}]}}