{"id":225821,"date":"2025-06-28T10:58:10","date_gmt":"2025-06-28T10:58:10","guid":{"rendered":"https:\/\/www.europesays.com\/de\/225821\/"},"modified":"2025-06-28T10:58:10","modified_gmt":"2025-06-28T10:58:10","slug":"unionsfraktionsvorsitzender-jens-spahn-fordert-europaeischen-nuklearen-schutzschirm","status":"publish","type":"post","link":"https:\/\/www.europesays.com\/de\/225821\/","title":{"rendered":"Unionsfraktionsvorsitzender: Jens Spahn fordert &#8222;europ\u00e4ischen nuklearen Schutzschirm&#8220;"},"content":{"rendered":"<p class=\"paragraph article__item\">Unionsfraktionschef <a class=\"rtr-entity\" href=\"https:\/\/www.zeit.de\/thema\/jens-spahn\" target=\"_blank\" rel=\"noopener\">Jens Spahn<\/a>\u00a0(CDU) hat gefordert, ein europ\u00e4isches Atomwaffenarsenal zu schaffen. &#8222;<a href=\"https:\/\/www.zeit.de\/politik\/ausland\/ukraine-krieg-news-liveblog\" class=\"\" target=\"_blank\" rel=\"noopener\">Die russische Aggression<\/a> ist eine ganz neue Bedrohungslage&#8220;, sagte\u00a0Spahn\u00a0der Welt am Sonntag. &#8222;Europa muss abschreckungsf\u00e4hig werden.&#8220; Daf\u00fcr seien US-Atombomben zwar auch in Deutschland stationiert. &#8222;Aber das reicht auf Dauer nicht&#8220;, f\u00fcgte\u00a0Spahn\u00a0hinzu.\n<\/p>\n<p class=\"paragraph article__item\">Der CDU-Politiker schlug deswegen <a href=\"https:\/\/www.zeit.de\/politik\/2025-03\/eu-kommission-strategiepapier-aufruestung-russland\" class=\"\" target=\"_blank\" rel=\"noopener\">gemeinsame europ\u00e4ische Initiativen<\/a> vor. &#8222;Wir m\u00fcssen \u00fcber eine deutsche oder europ\u00e4ische Teilhabe am Atomwaffenarsenal Frankreichs und Gro\u00dfbritanniens reden, m\u00f6glicherweise auch \u00fcber eine eigene Teilhabe mit anderen europ\u00e4ischen Staaten&#8220;, sagte der CDU-Politiker. Das werde viel Geld kosten. &#8222;Aber wer Schutz will, muss ihn eben auch finanzieren&#8220;, sagte\u00a0Spahn.\n<\/p>\n<p class=\"paragraph article__item\">Es sei sich der Vorbehalte in Deutschland, Atommacht zu werden, bewusst, sagte der CDU-Politiker. &#8222;Ich wei\u00df, welche Abwehrreflexe sich jetzt sofort regen, aber ja: Wir sollten eine Debatte \u00fcber einen eigenst\u00e4ndigen europ\u00e4ischen nuklearen Schutzschirm f\u00fchren.&#8220; Und dies funktioniere &#8222;nur mit deutscher F\u00fchrung&#8220;.\u00a0Spahn\u00a0f\u00fcgte hinzu: &#8222;Wer nicht nuklear abschrecken kann, wird zum Spielball der Weltpolitik.&#8220;\n<\/p>\n<p>        Spahn schl\u00e4gt rotierende Zust\u00e4ndigkeit f\u00fcr Atomwaffen nach Zufallsprinzip vor        <\/p>\n<p class=\"paragraph article__item\">Es sei nicht davon auszugehen, dass eine Atommacht wie Frankreich anderen B\u00fcndnispartnern finalen Zugriff auf franz\u00f6sische <a class=\"rtr-entity\" href=\"https:\/\/www.zeit.de\/thema\/atomwaffe\" target=\"_blank\" rel=\"noopener\">Nuklearwaffen<\/a> gew\u00e4hren werde, sagte\u00a0Spahn. &#8222;Aber f\u00fcr eine europ\u00e4ische Atommacht g\u00e4be es mehrere Ideen, auch wenn manche erst mal verkopft und theoretisch klingen.&#8220; Als Beispiel nannte\u00a0Spahn, &#8222;dass die Zust\u00e4ndigkeit zwischen den Mitgliedsstaaten nach dem Zufallsprinzip rotiert \u2013 dann bleibt auch ein potenzieller Gegner im Ungewissen&#8220;.\n<\/p>\n<p>                            \u00a9\u00a0Lea Dohle<\/p>\n<p>\n                    Newsletter<\/p>\n<p>                    Was jetzt? \u2013 Der t\u00e4gliche Morgen\u00fcberblick<\/p>\n<p class=\"newsletter-signup__text\">Starten Sie mit unserem kurzen Nachrichten-Newsletter in den Tag. Erhalten Sie zudem freitags den US-Sonderletter &#8222;Was jetzt, America?&#8220; sowie das digitale Magazin ZEIT am Wochenende.<\/p>\n<p class=\"newsletter-signup__datapolicy\" hidden=\"\">\n            Mit Ihrer Registrierung nehmen Sie die <a href=\"https:\/\/datenschutz.zeit.de\/zon#Newsletter\" target=\"_blank\" rel=\"noopener\">Datenschutzerkl\u00e4rung<\/a> zur Kenntnis.\n        <\/p>\n<p>    Vielen Dank! Wir haben Ihnen eine E-Mail geschickt.<\/p>\n<p>Pr\u00fcfen Sie Ihr Postfach und best\u00e4tigen Sie das Newsletter-Abonnement.<\/p>\n<p class=\"paragraph article__item\">Die deutsche Bundeswehr verf\u00fcgt nicht \u00fcber eigene Atomwaffen. Einige Atomwaffen sind aber im Bundeswehr-Fliegerhorst bei B\u00fcchel in Rheinland-Pfalz\u00a0unter US-Hoheit gelagert. Deutsche Soldaten k\u00f6nnten im Ernstfall f\u00fcr den Einsatz der Waffen herangezogen werden.\u00a0\n<\/p>\n<p class=\"paragraph article__item\">Grundlage daf\u00fcr ist das Konzept der &#8222;nuklearen Teilhabe&#8220; in der Nato. Es besagt, dass einige Nato-Mitglieder im Kriegsfall mit ihren Flugzeugen Atombomben des gro\u00dfen B\u00fcndnispartners USA abwerfen. Das Konzept aus den 1950er-Jahren sollte im Kalten Krieg vor allem die Sowjetunion sch\u00fctzen, indem die USA ihre Bereitschaft demonstrierten, atomar nicht bewaffnete Nato-Partner in <a class=\"rtr-entity\" href=\"https:\/\/www.zeit.de\/thema\/europa\" target=\"_blank\" rel=\"noopener\">Europa<\/a> mit den eigenen Atomwaffen zu sch\u00fctzen. Diese Woche einigten sich die Nato-Mitglieder darauf, die Verteidigungsausgaben auf <a href=\"https:\/\/www.zeit.de\/politik\/ausland\/2025-06\/donald-trump-den-haag-nato-gipfel-usa-unterstuetzung-europa\" class=\"\" target=\"_blank\" rel=\"noopener\">f\u00fcnf Prozent des nationalen BIP zu erh\u00f6hen<\/a>.\n<\/p>\n<p>            EU-Verteidigungspolitik        <\/p>\n<p>Mehr zum Thema<\/p>\n<p>                <a href=\"https:\/\/www.zeit.de\/2025\/11\/verteidigung-europa-militaer-usa-aufruestung\" data-ct-label=\"Verteidigung Europas: Geht\u2019s auch ohne?\" target=\"_blank\" rel=\"noopener\"><\/p>\n<p>        Z+ (abopflichtiger Inhalt);<\/p>\n<p>    Verteidigung Europas:<br \/>\n                        Geht\u2019s auch ohne?<\/p>\n<p>                <\/a><\/p>\n<p>                <a href=\"https:\/\/www.zeit.de\/politik\/ausland\/2025-06\/eu-gipfel-bruessel-verteidigungsausgaben-nahost-krieg\" data-ct-label=\"EU-Gipfel in Br\u00fcssel: Die EU wurschtelt sich durch \u2013 wie immer\" target=\"_blank\" rel=\"noopener\"><\/p>\n<p>                        EU-Gipfel in Br\u00fcssel:<br \/>\n                        Die EU wurschtelt sich durch \u2013 wie immer<\/p>\n<p>                <\/a><\/p>\n<p>                <a href=\"https:\/\/www.zeit.de\/politik\/2025-03\/eu-verteidigung-usa-nato-politikpodcast\" data-ct-label=\"Politikpodcast: &quot;Wir sind absolut nicht wehrlos&quot;\" target=\"_blank\" rel=\"noopener\"><\/p>\n<p>                        Politikpodcast:<br \/>\n                        &#8222;Wir sind absolut nicht wehrlos&#8220;<\/p>\n<p>                <\/a><\/p>\n","protected":false},"excerpt":{"rendered":"Unionsfraktionschef Jens Spahn\u00a0(CDU) hat gefordert, ein europ\u00e4isches Atomwaffenarsenal zu schaffen. &#8222;Die russische Aggression ist eine ganz neue Bedrohungslage&#8220;,&hellip;\n","protected":false},"author":2,"featured_media":225822,"comment_status":"","ping_status":"","sticky":false,"template":"","format":"standard","meta":{"footnotes":""},"categories":[3933],"tags":[331,332,14956,689,31,548,663,158,3934,3935,13,15785,14,15,69889,16,12,71743],"class_list":{"0":"post-225821","1":"post","2":"type-post","3":"status-publish","4":"format-standard","5":"has-post-thumbnail","7":"category-eu","8":"tag-aktuelle-nachrichten","9":"tag-aktuelle-news","10":"tag-atomwaffe","11":"tag-aufruestung","12":"tag-cdu","13":"tag-eu","14":"tag-europa","15":"tag-europaeische-union","16":"tag-europe","17":"tag-european-union","18":"tag-headlines","19":"tag-jens-spahn","20":"tag-nachrichten","21":"tag-news","22":"tag-nuklearwaffe","23":"tag-politik","24":"tag-schlagzeilen","25":"tag-unionsfraktionsvorsitzender"},"share_on_mastodon":{"url":"","error":""},"_links":{"self":[{"href":"https:\/\/www.europesays.com\/de\/wp-json\/wp\/v2\/posts\/225821","targetHints":{"allow":["GET"]}}],"collection":[{"href":"https:\/\/www.europesays.com\/de\/wp-json\/wp\/v2\/posts"}],"about":[{"href":"https:\/\/www.europesays.com\/de\/wp-json\/wp\/v2\/types\/post"}],"author":[{"embeddable":true,"href":"https:\/\/www.europesays.com\/de\/wp-json\/wp\/v2\/users\/2"}],"replies":[{"embeddable":true,"href":"https:\/\/www.europesays.com\/de\/wp-json\/wp\/v2\/comments?post=225821"}],"version-history":[{"count":0,"href":"https:\/\/www.europesays.com\/de\/wp-json\/wp\/v2\/posts\/225821\/revisions"}],"wp:featuredmedia":[{"embeddable":true,"href":"https:\/\/www.europesays.com\/de\/wp-json\/wp\/v2\/media\/225822"}],"wp:attachment":[{"href":"https:\/\/www.europesays.com\/de\/wp-json\/wp\/v2\/media?parent=225821"}],"wp:term":[{"taxonomy":"category","embeddable":true,"href":"https:\/\/www.europesays.com\/de\/wp-json\/wp\/v2\/categories?post=225821"},{"taxonomy":"post_tag","embeddable":true,"href":"https:\/\/www.europesays.com\/de\/wp-json\/wp\/v2\/tags?post=225821"}],"curies":[{"name":"wp","href":"https:\/\/api.w.org\/{rel}","templated":true}]}}