{"id":225885,"date":"2025-06-28T11:32:10","date_gmt":"2025-06-28T11:32:10","guid":{"rendered":"https:\/\/www.europesays.com\/de\/225885\/"},"modified":"2025-06-28T11:32:10","modified_gmt":"2025-06-28T11:32:10","slug":"berlin-brandenburg-cottbuser-ob-raeumt-fehler-ein-ermittlungen-wegen-titels","status":"publish","type":"post","link":"https:\/\/www.europesays.com\/de\/225885\/","title":{"rendered":"Berlin &#038; Brandenburg: Cottbuser OB r\u00e4umt Fehler ein &#8211; Ermittlungen wegen Titels"},"content":{"rendered":"<p>                    Berlin &amp; Brandenburg<br \/>\n                Cottbuser OB r\u00e4umt Fehler ein &#8211; Ermittlungen wegen Titels<\/p>\n<p>\t\t\t\t              28.06.2025, 13:00 Uhr<\/p>\n<p><strong>Der Rathauschef von Cottbus, Tobias Schick, gibt einen Studientitel in seinem Lebenslauf an. Die Staatsanwaltschaft ermittelt wegen der genauen Angabe des Titels. Wie reagiert der OB?<\/strong><\/p>\n<p>Cottbus (dpa\/bb) &#8211; Der Cottbuser Oberb\u00fcrgermeister Tobias Schick (SPD) hat angesichts von Ermittlungen der Staatsanwaltschaft gegen ihn einen Fehler bei der Angabe eines Titels einger\u00e4umt. &#8222;Ja, es ist ein Fehler in meiner Biografie auf meiner damaligen pers\u00f6nlichen Wahlkampf-Homepage geschehen&#8220;, teilte Schick am Freitag mit. &#8222;Es fehlten dort drei Buchstaben in einer Klammer, die formal hinter der Bezeichnung Verwaltungs-Betriebswirt h\u00e4tten stehen m\u00fcssen. Diesen Fehler muss ich mir eingestehen.&#8220;<\/p>\n<p>Die &#8222;Lausitzer Rundschau&#8220; hatte von einer Strafanzeige gegen das Stadtoberhaupt berichtet. Darin werde dem OB vorgeworfen, er habe falsche Angaben zu seiner Qualifikation gemacht, einen Titel unzul\u00e4ssig gef\u00fchrt und seinen teilweise falsch dokumentierten Werdegang als Amtstr\u00e4ger nachtr\u00e4glich korrigiert.<\/p>\n<p>OB bittet um Nachsicht &#8211; Diplom liegt vor<\/p>\n<p>Die Stadt ver\u00f6ffentlichte dann eine Erkl\u00e4rung von Schick zu den &#8222;bekanntgewordenen laufenden Ermittlungen der Staatsanwaltschaft&#8220;Cottbus. Schick bat um Nachsicht. &#8222;Ich werde daf\u00fcr, soweit notwendig, geradestehen.&#8220;\u00a0<\/p>\n<p>Der Oberb\u00fcrgermeister verteidigte sich zugleich. &#8222;Es verbindet sich f\u00fcr mich jedoch keineswegs damit der Versuch, mich mit fremden oder falschen Federn zu schm\u00fccken. Das Diplom als Verwaltungs-Betriebswirt (VWA) habe ich selbstverst\u00e4ndlich erworben. Die entsprechende Urkunde liegt vor.&#8220;<\/p>\n<p>Auf seiner Homepage hei\u00dft es: &#8222;Studium an der Technischen Akademie Wuppertal (Standort Cottbus\/Ch\u00f3\u015bebuz) mit einem Abschluss als Verwaltungs-Betriebswirt (VWA).&#8220; Schick ist seit 2022 im Amt.<\/p>\n","protected":false},"excerpt":{"rendered":"Berlin &amp; Brandenburg Cottbuser OB r\u00e4umt Fehler ein &#8211; Ermittlungen wegen Titels 28.06.2025, 13:00 Uhr Der Rathauschef von&hellip;\n","protected":false},"author":2,"featured_media":225886,"comment_status":"","ping_status":"","sticky":false,"template":"","format":"standard","meta":{"footnotes":""},"categories":[1816],"tags":[4067,1960,1958,1959,1957,296,1956,1890,69454,29,7080,30,2124,71746],"class_list":{"0":"post-225885","1":"post","2":"type-post","3":"status-publish","4":"format-standard","5":"has-post-thumbnail","7":"category-brandenburg","8":"tag-ermittlungen","9":"tag-aktuelle-nachrichten-aus-berlin-und-brandenburg","10":"tag-aktuelle-nachrichten-aus-brandenburg","11":"tag-aktuelle-news-aus-berlin-und-brandenburg","12":"tag-aktuelle-news-aus-brandenburg","13":"tag-berlin","14":"tag-berlin-und-brandenburg","15":"tag-brandenburg","16":"tag-cottbuser","17":"tag-deutschland","18":"tag-fehler","19":"tag-germany","20":"tag-ob","21":"tag-titels"},"share_on_mastodon":{"url":"","error":""},"_links":{"self":[{"href":"https:\/\/www.europesays.com\/de\/wp-json\/wp\/v2\/posts\/225885","targetHints":{"allow":["GET"]}}],"collection":[{"href":"https:\/\/www.europesays.com\/de\/wp-json\/wp\/v2\/posts"}],"about":[{"href":"https:\/\/www.europesays.com\/de\/wp-json\/wp\/v2\/types\/post"}],"author":[{"embeddable":true,"href":"https:\/\/www.europesays.com\/de\/wp-json\/wp\/v2\/users\/2"}],"replies":[{"embeddable":true,"href":"https:\/\/www.europesays.com\/de\/wp-json\/wp\/v2\/comments?post=225885"}],"version-history":[{"count":0,"href":"https:\/\/www.europesays.com\/de\/wp-json\/wp\/v2\/posts\/225885\/revisions"}],"wp:featuredmedia":[{"embeddable":true,"href":"https:\/\/www.europesays.com\/de\/wp-json\/wp\/v2\/media\/225886"}],"wp:attachment":[{"href":"https:\/\/www.europesays.com\/de\/wp-json\/wp\/v2\/media?parent=225885"}],"wp:term":[{"taxonomy":"category","embeddable":true,"href":"https:\/\/www.europesays.com\/de\/wp-json\/wp\/v2\/categories?post=225885"},{"taxonomy":"post_tag","embeddable":true,"href":"https:\/\/www.europesays.com\/de\/wp-json\/wp\/v2\/tags?post=225885"}],"curies":[{"name":"wp","href":"https:\/\/api.w.org\/{rel}","templated":true}]}}