{"id":225918,"date":"2025-06-28T11:49:11","date_gmt":"2025-06-28T11:49:11","guid":{"rendered":"https:\/\/www.europesays.com\/de\/225918\/"},"modified":"2025-06-28T11:49:11","modified_gmt":"2025-06-28T11:49:11","slug":"streit-um-pride-die-regenbogen-schlacht-von-budapest-politik","status":"publish","type":"post","link":"https:\/\/www.europesays.com\/de\/225918\/","title":{"rendered":"Streit um Pride: Die Regenbogen-Schlacht von Budapest | Politik"},"content":{"rendered":"<p>Budapest \u2013<b> Ungarns Premier Viktor Orb\u00e1n (62) gab sich zuletzt kompromisslos. Die f\u00fcr diesen Samstag geplante Pride-Parade in Budapest: verboten \u2013 mit Verweis auf ein \u201eKinderschutzgesetz\u201c. Gegenwind kommt von der Opposition und aus der EU.<\/b><\/p>\n<p>Die Veranstalter halten an ihren Pl\u00e4nen fest. Die extrem rechte Parlamentspartei Mi Hazank (deutsch: \u201eUnsere-Heimat-Bewegung\u201c) hat zeitgleich in Budapest eine von der Polizei genehmigte Gegendemonstration geplant, die auch r\u00e4umliche Ber\u00fchrungen mit der Pride haben d\u00fcrfte. Budapests liberaler B\u00fcrgermeister Gergely Kar\u00e1csony (50) rief die Polizei auf, daf\u00fcr zu sorgen, dass es zu keinen Konflikten zwischen Pride-Teilnehmern und ihren Gegnern kommt.<\/p>\n<p>Lesen Sie auch<\/p>\n<p>Die Parade soll also stattfinden, auch wenn die Orb\u00e1n-Leute mit Strafen von bis zu 500 Euro f\u00fcr die Teilnehmer drohen. Zudem erwarten die Organisatoren Unterst\u00fctzer aus ganz Europa. Darunter auch die deutschen EU-Abgeordneten Terry Reinke (38, <a href=\"https:\/\/www.bild.de\/politik\/inland\/die-gruenen\/die-gruenen-alle-infos-76661904.bild.html\" class=\"text-link\" target=\"_blank\" rel=\"noopener\">Gr\u00fcne<\/a>), Moritz K\u00f6rner (34, <a href=\"https:\/\/www.bild.de\/politik\/inland\/fdp\/fdp-alle-infos-76661834.bild.html\" class=\"text-link\" target=\"_blank\" rel=\"noopener\">FDP<\/a>), Rasmus Andresen (39, <a href=\"https:\/\/www.bild.de\/politik\/inland\/die-gruenen\/die-gruenen-alle-infos-76661904.bild.html\" class=\"text-link\" target=\"_blank\" rel=\"noopener\">Gr\u00fcne<\/a>) sowie 60 weitere EU-Parlamentarier.<\/p>\n<p><b>Die kritisieren das Pride-Verbot als \u201eAngriff auf die freie Meinungs\u00e4u\u00dferung\u201c, die durch \u201eRechtsnationale und extrem Konservative bedroht\u201c wird. Der ungarische <\/b><a href=\"https:\/\/www.bild.de\/politik\/ausland-und-internationales\/ungarns-ministerpraesident-orban-das-hat-putin-ueber-den-krieg-gesagt-668b7860702421363acc4f77\" class=\"text-link\" target=\"_blank\" rel=\"noopener\"><b>Ministerpr\u00e4sident Orb\u00e1n<\/b><\/a><b> sei ein Paradebeispiel daf\u00fcr, wie man die Zivilgesellschaft kriminalisiert und Grundrechte angreift, hei\u00dft es in einer Mitteilung.<\/b><\/p>\n<p>EU-Kommissionspr\u00e4sidentin Ursula von der Leyen meldet sich zu Wort<\/p>\n<p>EU-Kommissionspr\u00e4sidentin Ursula von der Leyen forderte die ungarischen Beh\u00f6rden in der Nacht zu Freitag erneut auf, das Verbot der Demonstration aufzuheben, damit die Organisatoren keine Angst vor Bestrafung haben m\u00fcssten. <\/p>\n<p>Auch interessant<\/p>\n<p>Anzeige<\/p>\n<p>Auch interessant<\/p>\n<p>Anzeige<\/p>\n<p><b>Orb\u00e1n wies die Forderung zur\u00fcck und verglich von der Leyen mit dem sowjetischen Staatsoberhaupt Leonid Breschnew. \u201eSie denkt, dass sie ungarischen B\u00fcrgern von Br\u00fcssel aus vorschreiben kann, wie sie leben sollen, was sie m\u00f6gen sollen, was sie nicht m\u00f6gen sollen, wie ihr Rechtssystem sein soll, was verboten werden soll und was nicht. Genau wie Breschnew\u201c, sagte Orb\u00e1n. <\/b><\/p>\n<p>Die Ungarn selbst gehen Meinungsforscher davon aus, dass die Mehrheit der Bev\u00f6lkerung \u2013 besonders auf dem Land \u2013 hinter Orb\u00e1ns Kurs steht. So gibt es in dem Land zwar das Recht auf gleichgeschlechtliche Lebenspartnerschaften. Die Homo-Ehe f\u00fcr schwule Paare ist dagegen nicht erlaubt, und es gibt auch kein Recht auf Adoption. <\/p>\n<p>Als Begr\u00fcndung f\u00fcr das Pride-Verbot f\u00fchrt die Orb\u00e1n-Regierung das sogenannte neue Kinderschutzgesetz von 2021 an, das \u201edie Zurschaustellung von Homosexualit\u00e4t in der \u00d6ffentlichkeit untersagt\u201c. Am 14. April dieses Jahres hatte das <a href=\"https:\/\/www.bild.de\/politik\/ausland\/politik-ausland\/ungarn-viktor-orban-bei-parlamentswahl-laut-zwischenergebnis-klar-vorn-79660726.bild.html\" class=\"text-link\" target=\"_blank\" rel=\"noopener\">Parlament mit Zwei-Drittel-Mehrheit<\/a> eine Verfassungs\u00e4nderung beschlossen, mit der Pride-Paraden verboten werden k\u00f6nnen.<\/p>\n<p>Budapests B\u00fcrgermeister will die Parade erlauben<\/p>\n<p><b>Inzwischen sprang Budapests B\u00fcrgermeister Kar\u00e1csony in die Bresche \u2013 mit einem juristischen Kniff. Er will die Parade als st\u00e4dtische Veranstaltung stattfinden lassen. Daf\u00fcr, so die Rechtsauffassung, br\u00e4uchte es keine Genehmigung. <\/b><\/p>\n<p><img decoding=\"async\" width=\"992\" height=\"558\" alt=\"Orb\u00e1ns Gegenspieler: B\u00fcrgermeister Gergely Kar\u00e1csony organisiert die Pride Parade nun als st\u00e4dtisches Event\" src=\"https:\/\/www.europesays.com\/de\/wp-content\/uploads\/2025\/06\/505ff5a55e8ca009991c749e5288e892,261b6370\"   class=\"landscape\" loading=\"lazy\"\/><\/p>\n<p class=\"fig__caption__text\">Gilt als Orb\u00e1ns Gegenspieler: B\u00fcrgermeister Gergely Kar\u00e1csony organisiert die Pride Parade als st\u00e4dtisches Event<\/p>\n<p>Foto: ATTILA KISBENEDEK\/AFP<\/p>\n<p>Gleichwohl droht diesen Samstag ein Showdown in Budapest \u2013 zwischen Regenbogen-Community und Orb\u00e1n.<\/p>\n","protected":false},"excerpt":{"rendered":"Budapest \u2013 Ungarns Premier Viktor Orb\u00e1n (62) gab sich zuletzt kompromisslos. Die f\u00fcr diesen Samstag geplante Pride-Parade in&hellip;\n","protected":false},"author":2,"featured_media":225919,"comment_status":"","ping_status":"","sticky":false,"template":"","format":"standard","meta":{"footnotes":""},"categories":[3],"tags":[30485,13,26303,14,15,54512,12,475,71752,45,10,8,9,11,34497,501,103,104],"class_list":{"0":"post-225918","1":"post","2":"type-post","3":"status-publish","4":"format-standard","5":"has-post-thumbnail","7":"category-welt","8":"tag-christopher-street-day","9":"tag-headlines","10":"tag-lesbisch","11":"tag-nachrichten","12":"tag-news","13":"tag-orban-viktor","14":"tag-schlagzeilen","15":"tag-schwul","16":"tag-street-parade","17":"tag-texttospeech","18":"tag-top-news","19":"tag-top-meldungen","20":"tag-topmeldungen","21":"tag-topnews","22":"tag-transsexuell","23":"tag-ungarn","24":"tag-welt","25":"tag-world"},"share_on_mastodon":{"url":"","error":""},"_links":{"self":[{"href":"https:\/\/www.europesays.com\/de\/wp-json\/wp\/v2\/posts\/225918","targetHints":{"allow":["GET"]}}],"collection":[{"href":"https:\/\/www.europesays.com\/de\/wp-json\/wp\/v2\/posts"}],"about":[{"href":"https:\/\/www.europesays.com\/de\/wp-json\/wp\/v2\/types\/post"}],"author":[{"embeddable":true,"href":"https:\/\/www.europesays.com\/de\/wp-json\/wp\/v2\/users\/2"}],"replies":[{"embeddable":true,"href":"https:\/\/www.europesays.com\/de\/wp-json\/wp\/v2\/comments?post=225918"}],"version-history":[{"count":0,"href":"https:\/\/www.europesays.com\/de\/wp-json\/wp\/v2\/posts\/225918\/revisions"}],"wp:featuredmedia":[{"embeddable":true,"href":"https:\/\/www.europesays.com\/de\/wp-json\/wp\/v2\/media\/225919"}],"wp:attachment":[{"href":"https:\/\/www.europesays.com\/de\/wp-json\/wp\/v2\/media?parent=225918"}],"wp:term":[{"taxonomy":"category","embeddable":true,"href":"https:\/\/www.europesays.com\/de\/wp-json\/wp\/v2\/categories?post=225918"},{"taxonomy":"post_tag","embeddable":true,"href":"https:\/\/www.europesays.com\/de\/wp-json\/wp\/v2\/tags?post=225918"}],"curies":[{"name":"wp","href":"https:\/\/api.w.org\/{rel}","templated":true}]}}