{"id":225922,"date":"2025-06-28T11:51:10","date_gmt":"2025-06-28T11:51:10","guid":{"rendered":"https:\/\/www.europesays.com\/de\/225922\/"},"modified":"2025-06-28T11:51:10","modified_gmt":"2025-06-28T11:51:10","slug":"iran-zeigt-sich-bereit-fuer-atomgespraeche-mit-den-usa","status":"publish","type":"post","link":"https:\/\/www.europesays.com\/de\/225922\/","title":{"rendered":"Iran zeigt sich bereit f\u00fcr Atomgespr\u00e4che mit den USA"},"content":{"rendered":"<p class=\"metatextline\">Stand: 28.06.2025 12:31 Uhr<\/p>\n<p class=\"textabsatz columns twelve  m-ten  m-offset-one l-eight l-offset-two\">\n        <strong>Nach den Angriffen schienen Atomverhandlungen in weiter Ferne. Nun signalisiert Teheran Gespr\u00e4chsbereitschaft &#8211; unter Bedingungen. Au\u00dfenminister Araghtschi forderte von US-Pr\u00e4sident Trump einen respektvolleren Ton.<\/strong>\n    <\/p>\n<p class=\"textabsatz m-ten m-offset-one l-eight l-offset-two columns twelve\">\nNach der Eskalation im Nahen Osten signalisiert der Iran seine grunds\u00e4tzliche Bereitschaft zu erneuten Atomverhandlungen mit den USA. Au\u00dfenminister Abbas Araghtschi forderte jedoch bei X von US-Pr\u00e4sident Donald Trump, seinen Ton zu \u00fcberdenken:<\/p>\n<blockquote class=\"zitat\">\n<p>\n                    Wenn Pr\u00e4sident Trump es mit seinem Wunsch nach einem Abkommen ernst meint, sollte er seinen respektlosen und inakzeptablen Ton gegen\u00fcber dem obersten F\u00fchrer des Iran, Gro\u00dfajatollah Ali Chamenei, ablegen und aufh\u00f6ren, seinen Millionen treuen Anh\u00e4ngern zu schaden.<\/p>\n<\/blockquote>\n<p class=\"textabsatz m-ten m-offset-one l-eight l-offset-two columns twelve\">\nMit seinen scharfen Worten reagierte Araghtschi auf eine \u00c4u\u00dferung Trumps. In einem Post in seinem Onlinedienst Truth Social hatte dieser erkl\u00e4rt, das Leben des Obersten F\u00fchrers im Iran extra verschont zu haben:<\/p>\n<blockquote class=\"zitat\">\n<p>\n                    Sein Land wurde dezimiert, seine drei b\u00f6sen Atomanlagen wurden zerst\u00f6rt, und ich wusste genau, wo er sich versteckt hielt, und ich w\u00fcrde nicht zulassen, dass Israel oder die US-Streitkr\u00e4fte, die bei weitem die gr\u00f6\u00dften und m\u00e4chtigsten der Welt sind, sein Leben beenden.<\/p>\n<\/blockquote>\n<p>    Neue Gespr\u00e4che angek\u00fcndigt &#8211; ohne Details<\/p>\n<p class=\"textabsatz m-ten m-offset-one l-eight l-offset-two columns twelve\">\nTrump hatte beim NATO-Gipfel neue Gespr\u00e4che mit dem Iran f\u00fcr die kommende Woche angek\u00fcndigt, ohne jedoch Details zu nennen. Auf die Frage, ob er Irans Atomanlagen erneut bombardieren lassen w\u00fcrde, falls es wieder Sorgen \u00fcber Teherans Urananreicherung gebe, betonte Trump jedoch am Freitag: &#8222;Sicher, ohne Frage, absolut.&#8220; Der Iran d\u00fcrfe keine Atomwaffen haben.<\/p>\n<p class=\"textabsatz m-ten m-offset-one l-eight l-offset-two columns twelve\">\nDie USA hatten Ende vergangener Woche iranische Atomanlagen bombardiert. Damit kamen sie Israel zu Hilfe, das am 13. Juni einen Angriff auf den Iran gestartet und dort wegen der Bedrohung durch das iranische Atom- und Raketenprogramm tagelang insbesondere Atomanlagen und milit\u00e4rische Einrichtungen bombardiert hatte.\u00a0<\/p>\n<p class=\"textabsatz m-ten m-offset-one l-eight l-offset-two columns twelve\">\nDer Iran feuerte im Gegenzug Raketen und Drohnen auf Israel. Nach dem Eingreifen der USA trat am Dienstag schlie\u00dflich eine <a href=\"https:\/\/www.tagesschau.de\/ausland\/asien\/israel-iran-normalitaet-100.html\" title=\"Krieg in Nahost: R\u00fcckkehr zur Normalit\u00e4t in Israel und dem Iran\" target=\"_blank\" rel=\"noopener\">Waffenruhe zwischen Israel und dem Iran<\/a> in Kraft. Chamenei hatte den Iran in einer Videobotschaft anschlie\u00dfend als den Sieger des Krieges dargestellt.<\/p>\n<p>    Zusammenarbeit mit IAEA ausgesetzt<\/p>\n<p class=\"textabsatz m-ten m-offset-one l-eight l-offset-two columns twelve\">\nNach den Angriffen auf Irans Atomanlagen hat das iranische Parlament diese Woche ein Gesetz verabschiedet, das die Zusammenarbeit mit der Internationalen Atomenergieorganisation (IAEA) aussetzt. Ohne die technische Aufsicht der UN-Atombeh\u00f6rde w\u00e4ren laut Experten jedoch Atomverhandlungen nicht m\u00f6glich.<\/p>\n<p>    Trauermarsch f\u00fcr get\u00f6tete Gener\u00e4le<\/p>\n<p class=\"textabsatz m-ten m-offset-one l-eight l-offset-two columns twelve\">\nIsrael hatte w\u00e4hrend des Krieges mehr als 20 hochrangige Milit\u00e4rs gezielt get\u00f6tet, teils in ihren Wohnungen. <a href=\"https:\/\/www.tagesschau.de\/ausland\/asien\/israel-angriff-iran-revolutionsgarde-armee-100.html\" title=\"Israel wollte iranische Milit\u00e4rf\u00fchrung t\u00f6ten\" target=\"_blank\" rel=\"noopener\">Unter den Toten waren auch Generalstabschef Mohammed Bagheri, der Oberkommandeur der Revolutionsgarde, Hussein Salami, und Amir-Ali Hadschisadeh, der Chef der Luft- und Raumfahrtdivision der Revolutionsgarde.<\/a><\/p>\n<p class=\"textabsatz m-ten m-offset-one l-eight l-offset-two columns twelve\">\nDie drei galten als das Top-Trio der iranischen Streitkr\u00e4fte und waren politisch sehr einflussreich. Insgesamt werden laut dem Staatssender IRIB 60 Menschen an unterschiedlichen Orten beerdigt. Auf Bildern der Zeremonie waren auch mehrere Kinders\u00e4rge zu sehen. Nach offiziellen iranischen Angaben wurden bei den israelischen Angriffen auch mehr als 600 Zivilisten get\u00f6tet und fast 4.900 verletzt. In Israel wurden durch iranische Angriffe nach Beh\u00f6rdenangaben 28 Menschen get\u00f6tet. Unabh\u00e4ngig \u00fcberpr\u00fcfen lassen sich die Angaben derzeit nicht.<\/p>\n<p>    Iran: Atomwissenschaftler und viele seiner Familienmitglieder get\u00f6tet<\/p>\n<p class=\"textabsatz m-ten m-offset-one l-eight l-offset-two columns twelve\">\nTausende Menschen nahmen bei der staatlich organisierten Trauerfeier in Teheran von den Gener\u00e4len und anderen get\u00f6teten Milit\u00e4rs Abschied. Die Trauerzeremonie fand am Revolutionsplatz im Stadtzentrum statt. Der anschlie\u00dfende Trauermarsch f\u00fchrte bis zum Asadi-Platz im Westen Teherans. Es wurde auch dem get\u00f6teten Atomwissenschaftler Mohammed-Resa Sedighi gedacht. Er war von den USA mit Sekund\u00e4rsanktionen belegt worden. Washington warf ihm die Beteiligung an einem mutma\u00dflichen Programm f\u00fcr Massenvernichtungswaffen vor.<\/p>\n<p class=\"textabsatz m-ten m-offset-one l-eight l-offset-two columns twelve\">\nSedighi wurde bei einem israelischen Angriff get\u00f6tet, dabei starben iranischen Angaben zufolge auch zahlreiche seiner Familienmitglieder. Insgesamt 19 Menschen, darunter Kinder, Frauen und \u00c4ltere, seien bei dem Luftangriff auf das Haus der Familie &#8222;massakriert&#8220; worden, schrieb Irans Au\u00dfenamtssprecher Ismail Baghai auf der Plattform X. Israels Armee wollte sich auf Anfrage nicht dazu \u00e4u\u00dfern.<\/p>\n<p class=\"absatzbild__info__text\">\n                        Ein Trauernder ber\u00fchrt den mit einer Flagge bedeckten Sarg des Chefs der Revolutionsgarde, General Hussein Salami.\n                    <\/p>\n","protected":false},"excerpt":{"rendered":"Stand: 28.06.2025 12:31 Uhr Nach den Angriffen schienen Atomverhandlungen in weiter Ferne. Nun signalisiert Teheran Gespr\u00e4chsbereitschaft &#8211; unter&hellip;\n","protected":false},"author":2,"featured_media":225923,"comment_status":"","ping_status":"","sticky":false,"template":"","format":"standard","meta":{"footnotes":""},"categories":[5],"tags":[346,13,345,14,6000,15,12,10,8,9,11,64],"class_list":{"0":"post-225922","1":"post","2":"type-post","3":"status-publish","4":"format-standard","5":"has-post-thumbnail","7":"category-nachrichten","8":"tag-atomprogramm","9":"tag-headlines","10":"tag-iran","11":"tag-nachrichten","12":"tag-nahost","13":"tag-news","14":"tag-schlagzeilen","15":"tag-top-news","16":"tag-top-meldungen","17":"tag-topmeldungen","18":"tag-topnews","19":"tag-usa"},"share_on_mastodon":{"url":"","error":""},"_links":{"self":[{"href":"https:\/\/www.europesays.com\/de\/wp-json\/wp\/v2\/posts\/225922","targetHints":{"allow":["GET"]}}],"collection":[{"href":"https:\/\/www.europesays.com\/de\/wp-json\/wp\/v2\/posts"}],"about":[{"href":"https:\/\/www.europesays.com\/de\/wp-json\/wp\/v2\/types\/post"}],"author":[{"embeddable":true,"href":"https:\/\/www.europesays.com\/de\/wp-json\/wp\/v2\/users\/2"}],"replies":[{"embeddable":true,"href":"https:\/\/www.europesays.com\/de\/wp-json\/wp\/v2\/comments?post=225922"}],"version-history":[{"count":0,"href":"https:\/\/www.europesays.com\/de\/wp-json\/wp\/v2\/posts\/225922\/revisions"}],"wp:featuredmedia":[{"embeddable":true,"href":"https:\/\/www.europesays.com\/de\/wp-json\/wp\/v2\/media\/225923"}],"wp:attachment":[{"href":"https:\/\/www.europesays.com\/de\/wp-json\/wp\/v2\/media?parent=225922"}],"wp:term":[{"taxonomy":"category","embeddable":true,"href":"https:\/\/www.europesays.com\/de\/wp-json\/wp\/v2\/categories?post=225922"},{"taxonomy":"post_tag","embeddable":true,"href":"https:\/\/www.europesays.com\/de\/wp-json\/wp\/v2\/tags?post=225922"}],"curies":[{"name":"wp","href":"https:\/\/api.w.org\/{rel}","templated":true}]}}