{"id":225955,"date":"2025-06-28T12:09:09","date_gmt":"2025-06-28T12:09:09","guid":{"rendered":"https:\/\/www.europesays.com\/de\/225955\/"},"modified":"2025-06-28T12:09:09","modified_gmt":"2025-06-28T12:09:09","slug":"so-unterliegt-der-wuppertaler-sv-im-test-gegen-velbert","status":"publish","type":"post","link":"https:\/\/www.europesays.com\/de\/225955\/","title":{"rendered":"So unterliegt der Wuppertaler SV im Test gegen Velbert"},"content":{"rendered":"<p>          Regionalliga        Liveblog: So unterliegt der Wuppertaler SV im Test gegen Velbert<\/p>\n<p class=\"text-50 desktop:text-70 park-container-small px-6 mb-10 desktop:mb-14\">Wuppertal \u00b7 <strong data-cy=\"intro\">Zum ersten Testspiel in der Vorbereitung empfing Fu\u00dfball-Regionalligist am Samstag, 28. Juni, den Aufsteiger und k\u00fcnftigen Ligakonkurrenten an der Oberbergischen Stra\u00dfe. Hier erfahren Sie, wie die Partie gelaufen ist und erhalten die Stimme von Trainer Sebastian Tyrala dazu.<\/strong><\/p>\n<p>                        <a class=\"absolute bottom-0 inset-x-0 z-10 group\/link before:float-left after:clear-both flex justify-end items-end print:hidden\" href=\"https:\/\/www.europesays.com\/de\/wp-content\/uploads\/2025\/06\/w1512_h2016_x756_y1008_Jeremy_Celal_Aydogan-c427388ea2d27b20.jpg\" title=\"Vergr\u00f6\u00dferte Ansicht\" aria-describedby=\"park-figure-\" data-enlargable=\"image\"><\/p>\n<p>                            <\/a><\/p>\n<p>                <img class=\"inset-0 w-full h-full object-cover opacity-0 transition-opacity\" onload=\"this.style.opacity = '1';\" src=\"https:\/\/www.europesays.com\/de\/wp-content\/uploads\/2025\/06\/w1512_h2016_x756_y1008_Jeremy_Celal_Aydogan-c427388ea2d27b20.jpg\"   alt=\"Jeremy Celal Aydogan im neuen Ausw\u00e4rtstrikot. Er war im Test gegen Velbert einer von zwei Spielern, die 90 Minuten durchspielten. Sein Pfostenschuss war die gr\u00f6\u00dfte Chance des WSV in der zweiten Halbzeit.\" width=\"1512\" height=\"2016\" fetchpriority=\"high\" decoding=\"async\" data-park-image-img=\"\"\/><\/p>\n<p class=\"block font-sans text-30 text-black-almost dark:text-white-almost desktop:text-40 desktop:[.floated_&amp;]:text-30 mt-3 desktop:[.floated_&amp;]:mt-3 desktop:mt-4\">Jeremy Celal Aydogan im neuen Ausw\u00e4rtstrikot. Er war im Test gegen Velbert einer von zwei Spielern, die 90 Minuten durchspielten. Sein Pfostenschuss war die gr\u00f6\u00dfte Chance des WSV in der zweiten Halbzeit.<\/p>\n<p>    Foto: Marc Posthaus  <\/p>\n","protected":false},"excerpt":{"rendered":"Regionalliga Liveblog: So unterliegt der Wuppertaler SV im Test gegen Velbert Wuppertal \u00b7 Zum ersten Testspiel in der&hellip;\n","protected":false},"author":2,"featured_media":225956,"comment_status":"","ping_status":"","sticky":false,"template":"","format":"standard","meta":{"footnotes":""},"categories":[1840],"tags":[71690,3364,29,71691,30,3272,1209,3459,40901,4233,4418,6226],"class_list":{"0":"post-225955","1":"post","2":"type-post","3":"status-publish","4":"format-standard","5":"has-post-thumbnail","7":"category-wuppertal","8":"tag-anstoss","9":"tag-de","10":"tag-deutschland","11":"tag-erfahren","12":"tag-germany","13":"tag-liveblog","14":"tag-nordrhein-westfalen","15":"tag-regionalliga","16":"tag-ssvg","17":"tag-velbert","18":"tag-wuppertal","19":"tag-wuppertaler"},"share_on_mastodon":{"url":"","error":""},"_links":{"self":[{"href":"https:\/\/www.europesays.com\/de\/wp-json\/wp\/v2\/posts\/225955","targetHints":{"allow":["GET"]}}],"collection":[{"href":"https:\/\/www.europesays.com\/de\/wp-json\/wp\/v2\/posts"}],"about":[{"href":"https:\/\/www.europesays.com\/de\/wp-json\/wp\/v2\/types\/post"}],"author":[{"embeddable":true,"href":"https:\/\/www.europesays.com\/de\/wp-json\/wp\/v2\/users\/2"}],"replies":[{"embeddable":true,"href":"https:\/\/www.europesays.com\/de\/wp-json\/wp\/v2\/comments?post=225955"}],"version-history":[{"count":0,"href":"https:\/\/www.europesays.com\/de\/wp-json\/wp\/v2\/posts\/225955\/revisions"}],"wp:featuredmedia":[{"embeddable":true,"href":"https:\/\/www.europesays.com\/de\/wp-json\/wp\/v2\/media\/225956"}],"wp:attachment":[{"href":"https:\/\/www.europesays.com\/de\/wp-json\/wp\/v2\/media?parent=225955"}],"wp:term":[{"taxonomy":"category","embeddable":true,"href":"https:\/\/www.europesays.com\/de\/wp-json\/wp\/v2\/categories?post=225955"},{"taxonomy":"post_tag","embeddable":true,"href":"https:\/\/www.europesays.com\/de\/wp-json\/wp\/v2\/tags?post=225955"}],"curies":[{"name":"wp","href":"https:\/\/api.w.org\/{rel}","templated":true}]}}