{"id":225961,"date":"2025-06-28T12:12:10","date_gmt":"2025-06-28T12:12:10","guid":{"rendered":"https:\/\/www.europesays.com\/de\/225961\/"},"modified":"2025-06-28T12:12:10","modified_gmt":"2025-06-28T12:12:10","slug":"antipersonenminen-baltenstaaten-wollen-russland-abschrecken","status":"publish","type":"post","link":"https:\/\/www.europesays.com\/de\/225961\/","title":{"rendered":"Antipersonenminen: Baltenstaaten wollen Russland abschrecken"},"content":{"rendered":"<p>        Austritt aus Abkommen<br \/>\n      Baltenstaaten wollen wieder Personenminen einsetzen d\u00fcrfen<\/p>\n<p>            Artikel anh\u00f6ren<\/p>\n<p>            Kopiere den aktuellen Link<\/p>\n<p>          Zur Merkliste hinzuf\u00fcgen<\/p>\n<p>\u00dcber 100 L\u00e4nder haben sich dazu verpflichtet, keine Personenminen mehr einzusetzen. Doch durch die Spannungen mit Russland f\u00fchlen sich manche L\u00e4nder zu brutalen Ma\u00dfnahmen gedr\u00e4ngt.<\/p>\n<p class=\"typo-body-default is-initial\">Die baltischen Staaten Estland, Lettland und Litauen\u00a0haben die Vereinten Nationen \u00fcber ihren Austritt aus der\u00a0Ottawa-Konvention zum Verbot von Antipersonenminen informiert. Die\u00a0drei an <a class=\"taxonomy-entity place\" data-target-type=\"article\" href=\"https:\/\/www.stern.de\/politik\/ausland\/themen\/russland-4155004.html\" rel=\"nofollow noopener\" target=\"_blank\">Russland<\/a> grenzenden EU- und Nato-Staaten reichten dazu eine entsprechende formelle Erkl\u00e4rung\u00a0ein, die sechs Monate nach dessen Eingang\u00a0in Kraft treten soll. Dies teilten die Au\u00dfenministerien in Tallinn, Riga und Vilnius mit.<\/p>\n<p class=\"typo-body-default\">Das\u00a0Ottawa-\u00dcbereinkommen sieht ein umfassendes Verbot von Einsatz, Lagerung, Herstellung und Weitergabe aller Arten von Personenminen vor, die als besonders grausame Waffen gelten. Der Vertrag wurde 1997 abgeschlossen und seitdem von mehr als 160 L\u00e4ndern \u2013 darunter Deutschland \u2013 unterzeichnet. Russland hat sich \u2013 wie auch die USA und China \u2013 der Konvention nicht angeschlossen.<\/p>\n<p>  Ge\u00e4chtete Personenminen f\u00fcr Baltenstaaten offenbar notwendig<\/p>\n<p class=\"typo-body-default\">Der R\u00fcckzug\u00a0aus dem\u00a0Ottawa-\u00dcbereinkommen war in Estland, Lettland und Litauen zuvor jeweils von der Regierung beschlossen und dem Parlament gebilligt worden. Damit folgten die drei L\u00e4nder einer gemeinsamen Empfehlung der Verteidigungsminister der baltischen Staaten und Polens. Auch Finnland\u00a0schloss sich sp\u00e4ter dem Vorhaben an.<\/p>\n<p>    26. April 2022,19:16<\/p>\n<p><img decoding=\"async\" class=\"image\" src=\"https:\/\/www.europesays.com\/de\/wp-content\/uploads\/2025\/06\/ermittler.jpg\"   loading=\"lazy\" fetchpriority=\"auto\" alt=\"Ukraine, Butscha: Ein Ermittler tr\u00e4gt eine Weste mit der Aufschrift &quot;War Crimes Prosecutor&quot;\" title=\"Ukraine, Butscha: Ein Ermittler tr\u00e4gt eine Weste mit der Aufschrift &quot;War Crimes Prosecutor&quot;\"\/><\/p>\n<p>      <a class=\"teaser__link\" href=\"https:\/\/www.stern.de\/politik\/ausland\/kriegsverbrechen-in-der-ukraine--warum-eine-verurteilung-unwahrscheinlich-ist-31807932.html\" data-upscore-url=\"\" rel=\"nofollow noopener\" target=\"_blank\"><\/p>\n<p>            Internationaler Strafgerichtshof<br \/>\n                    Im Zweifel trotzt der Angeklagte: Warum es so schwer wird, Russland wegen Kriegsverbrechen zu verurteilen<\/p>\n<p>      <\/a><\/p>\n<p class=\"typo-body-default\">Der Austritt ist eine Reaktion auf die\u00a0wahrgenommene Bedrohung durch Russland und dessen Angriffskrieg gegen die Ukraine, der in den baltischen Staaten\u00a0den\u00a0als direkte Gefahr f\u00fcr die nationale Sicherheit gesehen wird. Mit dem Schritt sollen\u00a0die Abschreckungs- und Verteidigungsf\u00e4higkeiten gest\u00e4rkt und dem Milit\u00e4r mehr Flexibilit\u00e4t und Entscheidungsfreiheit gegeben werden.<\/p>\n<p class=\"typo-body-default\">Humanit\u00e4re Hilfsorganisationen und zahlreiche Nobelpreistr\u00e4ger\u00a0kritisierten die Entscheidung und riefen unter anderem auch die Bundesregierung dazu auf, sich f\u00fcr die Ottawa-Konvention einzusetzen. UN-Generalsekret\u00e4r Ant\u00f3nio Guterres zeigte sich ebenfalls besorgt. Die baltischen Staaten dagegen betonen, dass sie auch nach dem R\u00fcckzug aus dem Abkommen die Grunds\u00e4tze und Normen\u00a0des humanit\u00e4ren V\u00f6lkerrechts und\u00a0zum Schutz\u00a0der Zivilbev\u00f6lkerung einhalten werden.<\/p>\n<p>\n    DPA\n  <\/p>\n<p>\n    cl\n  <\/p>\n","protected":false},"excerpt":{"rendered":"Austritt aus Abkommen Baltenstaaten wollen wieder Personenminen einsetzen d\u00fcrfen Artikel anh\u00f6ren Kopiere den aktuellen Link Zur Merkliste hinzuf\u00fcgen&hellip;\n","protected":false},"author":2,"featured_media":225962,"comment_status":"","ping_status":"","sticky":false,"template":"","format":"standard","meta":{"footnotes":""},"categories":[4013],"tags":[331,332,13,14,15,4043,4044,850,307,12],"class_list":{"0":"post-225961","1":"post","2":"type-post","3":"status-publish","4":"format-standard","5":"has-post-thumbnail","7":"category-russland","8":"tag-aktuelle-nachrichten","9":"tag-aktuelle-news","10":"tag-headlines","11":"tag-nachrichten","12":"tag-news","13":"tag-russia","14":"tag-russian-federation","15":"tag-russische-foederation","16":"tag-russland","17":"tag-schlagzeilen"},"share_on_mastodon":{"url":"","error":""},"_links":{"self":[{"href":"https:\/\/www.europesays.com\/de\/wp-json\/wp\/v2\/posts\/225961","targetHints":{"allow":["GET"]}}],"collection":[{"href":"https:\/\/www.europesays.com\/de\/wp-json\/wp\/v2\/posts"}],"about":[{"href":"https:\/\/www.europesays.com\/de\/wp-json\/wp\/v2\/types\/post"}],"author":[{"embeddable":true,"href":"https:\/\/www.europesays.com\/de\/wp-json\/wp\/v2\/users\/2"}],"replies":[{"embeddable":true,"href":"https:\/\/www.europesays.com\/de\/wp-json\/wp\/v2\/comments?post=225961"}],"version-history":[{"count":0,"href":"https:\/\/www.europesays.com\/de\/wp-json\/wp\/v2\/posts\/225961\/revisions"}],"wp:featuredmedia":[{"embeddable":true,"href":"https:\/\/www.europesays.com\/de\/wp-json\/wp\/v2\/media\/225962"}],"wp:attachment":[{"href":"https:\/\/www.europesays.com\/de\/wp-json\/wp\/v2\/media?parent=225961"}],"wp:term":[{"taxonomy":"category","embeddable":true,"href":"https:\/\/www.europesays.com\/de\/wp-json\/wp\/v2\/categories?post=225961"},{"taxonomy":"post_tag","embeddable":true,"href":"https:\/\/www.europesays.com\/de\/wp-json\/wp\/v2\/tags?post=225961"}],"curies":[{"name":"wp","href":"https:\/\/api.w.org\/{rel}","templated":true}]}}