{"id":226275,"date":"2025-06-28T14:54:15","date_gmt":"2025-06-28T14:54:15","guid":{"rendered":"https:\/\/www.europesays.com\/de\/226275\/"},"modified":"2025-06-28T14:54:15","modified_gmt":"2025-06-28T14:54:15","slug":"krieg-selenskyj-verleiht-polens-praesident-duda-orden-der-freiheit","status":"publish","type":"post","link":"https:\/\/www.europesays.com\/de\/226275\/","title":{"rendered":"Krieg &#8211; Selenskyj verleiht Polens Pr\u00e4sident Duda Orden der Freiheit"},"content":{"rendered":"<p class=\"article-header-description\">Der scheidende polnische Pr\u00e4sident Duda ist zu einem Abschiedsbesuch in die Ukraine gereist.<\/p>\n<p>28.06.2025<\/p>\n<ul class=\"b-social-icons\">\n<li class=\"social-icons-item\">\n<\/li>\n<li class=\"social-icons-item\">\n<p>                      Link kopieren\/teilen<\/p>\n<p class=\"snackbar-content\">Der Link wurde in die Zwischenablage kopiert.<\/p>\n<\/li>\n<li class=\"social-icons-item\"><a title=\"Email\" href=\"mailto:?subject=Selenskyj%20verleiht%20Polens%20Pr%C3%A4sident%20Duda%20Orden%20der%20Freiheit&amp;body=Ukraine-Krieg%0AUkraine-KriegSelenskyj%20verleiht%20Polens%20Pr%C3%A4sident%20Duda%20Orden%20der%20Freiheit%0ADer%20scheidende%20polnische%20Pr%C3%A4sident%20Duda%20ist%20zu%20einem%20Abschiedsbesuch%20in%20die%20Ukraine%20gereist.%0Ahttps%3A%2F%2Fwww.deutschlandfunk.de%2Fselenskyj-verleiht-polens-praesident-duda-orden-der-freiheit-102.html\" target=\"_blank\" rel=\"noopener noreferrer\" class=\"b-btn-social is-email\" data-tracking=\"{&quot;chapter1&quot;:&quot;Email&quot;,&quot;chapter3&quot;:&quot;Social Media&quot;,&quot;name&quot;:&quot;Social Media&quot;,&quot;chapter2&quot;:&quot;https:\/\/www.deutschlandfunk.de\/selenskyj-verleiht-polens-praesident-duda-orden-der-freiheit-102.html&quot;,&quot;level2&quot;:&quot;2&quot;}\">\n<p>                      Email<\/a><\/li>\n<\/ul>\n<p>                    <img decoding=\"async\" loading=\"lazy\" class=\"internal-image\" title=\"Der ukrainische Pr\u00e4sident Wolodymyr Selenskyj (r) und der polnische Pr\u00e4sident Andrzej Duda umarmen sich w\u00e4hrend ihres Treffens in Kiew. \" alt=\"Der ukrainische Pr\u00e4sident Wolodymyr Selenskyj (r) und der polnische Pr\u00e4sident Andrzej Duda umarmen sich w\u00e4hrend ihres Treffens in Kiew. \" src=\"https:\/\/www.europesays.com\/de\/wp-content\/uploads\/2025\/06\/urkraine-duda-100-1920x1080.jpg\" \/><\/p>\n<p>                  Der ukrainische Pr\u00e4sident Wolodymyr Selenskyj (r) und der polnische Pr\u00e4sident Andrzej Duda umarmen sich w\u00e4hrend ihres Treffens in Kiew. (dpa \/ Evgeniy Maloletka)<\/p>\n<p>In Kiew zeichnete ihn der ukrainische Pr\u00e4sident Selenskyj mit dem Orden der Freiheit aus. Wie die Pr\u00e4sidialverwaltung mitteilte, wurden damit Dudas Verdienste zur St\u00e4rkung der polnisch-ukrainischen Zusammenarbeit sowie der Unterst\u00fctzung der Souver\u00e4nit\u00e4t und territorialen Integrit\u00e4t der Ukraine gew\u00fcrdigt.<br \/>Selenskyj schrieb auf X, Duda sei ein wahrer Freund. Er habe seit den ersten Tagen des Krieges an der Seite der Ukraine gestanden. Dudas Amtszeit endet am 6. August.\u00a0<\/p>\n<p>Diese Nachricht wurde am 28.06.2025 im Programm Deutschlandfunk gesendet.<\/p>\n","protected":false},"excerpt":{"rendered":"Der scheidende polnische Pr\u00e4sident Duda ist zu einem Abschiedsbesuch in die Ukraine gereist. 28.06.2025 Link kopieren\/teilen Der Link&hellip;\n","protected":false},"author":2,"featured_media":226276,"comment_status":"","ping_status":"","sticky":false,"template":"","format":"standard","meta":{"footnotes":""},"categories":[4012],"tags":[331,332,13,14,15,12,317],"class_list":{"0":"post-226275","1":"post","2":"type-post","3":"status-publish","4":"format-standard","5":"has-post-thumbnail","7":"category-ukraine","8":"tag-aktuelle-nachrichten","9":"tag-aktuelle-news","10":"tag-headlines","11":"tag-nachrichten","12":"tag-news","13":"tag-schlagzeilen","14":"tag-ukraine"},"share_on_mastodon":{"url":"","error":""},"_links":{"self":[{"href":"https:\/\/www.europesays.com\/de\/wp-json\/wp\/v2\/posts\/226275","targetHints":{"allow":["GET"]}}],"collection":[{"href":"https:\/\/www.europesays.com\/de\/wp-json\/wp\/v2\/posts"}],"about":[{"href":"https:\/\/www.europesays.com\/de\/wp-json\/wp\/v2\/types\/post"}],"author":[{"embeddable":true,"href":"https:\/\/www.europesays.com\/de\/wp-json\/wp\/v2\/users\/2"}],"replies":[{"embeddable":true,"href":"https:\/\/www.europesays.com\/de\/wp-json\/wp\/v2\/comments?post=226275"}],"version-history":[{"count":0,"href":"https:\/\/www.europesays.com\/de\/wp-json\/wp\/v2\/posts\/226275\/revisions"}],"wp:featuredmedia":[{"embeddable":true,"href":"https:\/\/www.europesays.com\/de\/wp-json\/wp\/v2\/media\/226276"}],"wp:attachment":[{"href":"https:\/\/www.europesays.com\/de\/wp-json\/wp\/v2\/media?parent=226275"}],"wp:term":[{"taxonomy":"category","embeddable":true,"href":"https:\/\/www.europesays.com\/de\/wp-json\/wp\/v2\/categories?post=226275"},{"taxonomy":"post_tag","embeddable":true,"href":"https:\/\/www.europesays.com\/de\/wp-json\/wp\/v2\/tags?post=226275"}],"curies":[{"name":"wp","href":"https:\/\/api.w.org\/{rel}","templated":true}]}}