{"id":226373,"date":"2025-06-28T15:50:15","date_gmt":"2025-06-28T15:50:15","guid":{"rendered":"https:\/\/www.europesays.com\/de\/226373\/"},"modified":"2025-06-28T15:50:15","modified_gmt":"2025-06-28T15:50:15","slug":"mediamarkt-mwst-aktion-die-8-besten-deals-fuer-bluetooth-lautsprecher-von-jbl-marshall-und-co","status":"publish","type":"post","link":"https:\/\/www.europesays.com\/de\/226373\/","title":{"rendered":"MediaMarkt MwSt-Aktion: Die 8 besten Deals f\u00fcr Bluetooth-Lautsprecher von JBL, Marshall und Co."},"content":{"rendered":"<p>Im Zuge der <a href=\"https:\/\/hifi.de\/angebot\/mehrwertsteuer-aktion-mediamarkt-178955\" rel=\"nofollow noopener\" target=\"_blank\">Mehrwertsteuer-Aktion<\/a> von MediaMarkt hagelt es immer wieder richtig gute Angebote. So auch f\u00fcr Bluetooth-Lautsprecher. Dieses Mal gibt es z. B. die neue JBL Charge 6 so g\u00fcnstig wie noch nie. Oder den Marshall Emberton III zum Bestpreis. Wir testen jedes Jahr die besten Bluetooth-Lautsprecher, kennen die Preisentwicklung und weisen dir hier den Weg zu den besten Angeboten.<\/p>\n<p>Achtung: Um teilzunehmen, musst du myMediaMarkt-Mitglied sein. Erst dann sinkt z. B. der Preis des Marshall Emberton III f\u00fcr dich auf <strong>115,96 Euro<\/strong>. <a href=\"https:\/\/pvn.mediamarkt.de\/trck\/eclick\/aea9ebe73bd980b9ff74aee73eb408bf?subid=178819-cnt1-&amp;url=https%3A%2F%2Fwww.mediamarkt.de%2Fde%2Fmyaccount%2Floyalty-benefits\" target=\"_blank\" rel=\"noopener nofollow\" class=\"atrl\" data-item-category=\"deal\" data-item-widget=\"cnt\" data-item-promotion-id=\"178819-cnt1-\">Hier<\/a> geht\u2019s zur kostenfreien Anmeldung.<\/p>\n<p>Werbung<\/p>\n<p><a class=\"deal-variantlist-item\" title=\"JBL Go Essential 2 \u2013 Schwarz kaufen bei MediaMarkt\" href=\"https:\/\/pvn.mediamarkt.de\/trck\/eclick\/aea9ebe73bd980b9ff74aee73eb408bf?subid=178819-dlz1-234902&amp;url=https%3A%2F%2Fwww.mediamarkt.de%2Fde%2Fproduct%2F_jbl-go-essential-2-bluetooth-lautsprecher-schwarz-2974474.html\" target=\"_blank\" rel=\"noopener nofollow\" data-item-category=\"deal\" data-item-widget=\"dlz\" data-item-promotion-id=\"dlz_234902.205538.118126.220496.234898.182242.234341.192623\" data-item-position=\"1\" data-item-id=\"\" data-item-name=\"MediaMarkt: JBL Go Essential 2 \u2013 Schwarz\" data-item-brand=\"JBL\" data-item-advertiser=\"MediaMarkt\" data-item-deal-id=\"234902\"><\/p>\n<p>\n    JBL Go Essential 2 \u2013 Schwarz  <\/p>\n<p>      <img loading=\"lazy\" decoding=\"async\" width=\"180\" height=\"180\" src=\"https:\/\/www.europesays.com\/de\/wp-content\/uploads\/2025\/06\/jbl-go-essential-2-deal-schwarz-180x180.png\" class=\"attachment-small-teaser size-small-teaser\" alt=\"\"  \/>    <\/p>\n<p>\n        JBL Go Essential 2 \u2013 Schwarz      <\/p>\n<p>\n            29,99\u2009\u20ac          <\/p>\n<p>\n                14% Rabatt              <\/p>\n<p>\n              34,99\u2009\u20ac\n            <\/p>\n<p>            bei <img loading=\"lazy\" decoding=\"async\" width=\"360\" height=\"120\" src=\"https:\/\/www.europesays.com\/de\/wp-content\/uploads\/2025\/06\/mediamarkt-360x120.png\" class=\"attachment-small-teaser size-small-teaser\" alt=\"MediaMarktLogo\"  \/>          <\/p>\n<p>               \u00a0zum Angebot<\/p>\n<p><\/a><\/p>\n<p><a class=\"deal-variantlist-item\" title=\"Marshall Emberton III \u2013\u00a0Cream kaufen bei MediaMarkt\" href=\"https:\/\/pvn.mediamarkt.de\/trck\/eclick\/aea9ebe73bd980b9ff74aee73eb408bf?subid=178819-dlz2-205538&amp;url=https%3A%2F%2Fwww.mediamarkt.de%2Fde%2Fproduct%2F_marshall-emberton-iii-bluetooth-lautsprecher-cream-wasserfest-2948447.html\" target=\"_blank\" rel=\"noopener nofollow\" data-item-category=\"deal\" data-item-widget=\"dlz\" data-item-promotion-id=\"dlz_234902.205538.118126.220496.234898.182242.234341.192623\" data-item-position=\"2\" data-item-id=\"202350\" data-item-name=\"MediaMarkt: Marshall Emberton III \u2013 Cream\" data-item-brand=\"Marshall\" data-item-advertiser=\"MediaMarkt\" data-item-deal-id=\"205538\"><\/p>\n<p>\n    Marshall Emberton III \u2013\u00a0Cream  <\/p>\n<p>      <img loading=\"lazy\" decoding=\"async\" width=\"180\" height=\"180\" src=\"https:\/\/www.europesays.com\/de\/wp-content\/uploads\/2025\/06\/marshall-emberton-iii-deal-weiss-180x180.png\" class=\"attachment-small-teaser size-small-teaser\" alt=\"\"  \/>    <\/p>\n<p>\n        Marshall Emberton III \u2013\u00a0Cream      <\/p>\n<p>\n            137,99\u2009\u20ac          <\/p>\n<p>\n                23% Rabatt              <\/p>\n<p>\n              179\u2009\u20ac\n            <\/p>\n<p>            bei <img loading=\"lazy\" decoding=\"async\" width=\"360\" height=\"120\" src=\"https:\/\/www.europesays.com\/de\/wp-content\/uploads\/2025\/06\/mediamarkt-360x120.png\" class=\"attachment-small-teaser size-small-teaser\" alt=\"MediaMarktLogo\"  \/>          <\/p>\n<p>               \u00a0zum Angebot<\/p>\n<p><\/a><\/p>\n<p><a class=\"deal-variantlist-item\" title=\"JBL Charge 5 \u2013 Schwarz kaufen bei MediaMarkt\" href=\"https:\/\/pvn.mediamarkt.de\/trck\/eclick\/aea9ebe73bd980b9ff74aee73eb408bf?subid=178819-dlz3-118126&amp;url=https%3A%2F%2Fwww.mediamarkt.de%2Fde%2Fproduct%2F_jbl-charge-5-2701581.html\" target=\"_blank\" rel=\"noopener nofollow\" data-item-category=\"deal\" data-item-widget=\"dlz\" data-item-promotion-id=\"dlz_234902.205538.118126.220496.234898.182242.234341.192623\" data-item-position=\"3\" data-item-id=\"67665\" data-item-name=\"Mediamarkt: JBL Charge 5 \u2013 Schwarz\" data-item-brand=\"JBL\" data-item-advertiser=\"MediaMarkt\" data-item-deal-id=\"118126\"><\/p>\n<p>\n    JBL Charge 5 \u2013 Schwarz  <\/p>\n<p>      <img loading=\"lazy\" decoding=\"async\" width=\"180\" height=\"180\" src=\"https:\/\/www.europesays.com\/de\/wp-content\/uploads\/2025\/06\/jbl-charge-5-deal-180x180.png\" class=\"attachment-small-teaser size-small-teaser\" alt=\"\"  \/>    <\/p>\n<p>\n        JBL Charge 5 \u2013 Schwarz      <\/p>\n<p>\n            129,99\u2009\u20ac          <\/p>\n<p>\n                35% Rabatt              <\/p>\n<p>\n              199,99\u2009\u20ac\n            <\/p>\n<p>            bei <img loading=\"lazy\" decoding=\"async\" width=\"360\" height=\"120\" src=\"https:\/\/www.europesays.com\/de\/wp-content\/uploads\/2025\/06\/mediamarkt-360x120.png\" class=\"attachment-small-teaser size-small-teaser\" alt=\"MediaMarktLogo\"  \/>          <\/p>\n<p>               \u00a0zum Angebot<\/p>\n<p><\/a><\/p>\n<p><a class=\"deal-variantlist-item\" title=\"Bose Soundlink Flex (2. Gen) \u2013 Schwarz kaufen bei MediaMarkt\" href=\"https:\/\/pvn.mediamarkt.de\/trck\/eclick\/aea9ebe73bd980b9ff74aee73eb408bf?subid=178819-dlz4-220496&amp;url=https%3A%2F%2Fwww.mediamarkt.de%2Fde%2Fproduct%2F_bose-tragbarer-bose-soundlink-flex-2-gen-bluetooth-lautsprecher-schwarz-wasserfest-2950030.html\" target=\"_blank\" rel=\"noopener nofollow\" data-item-category=\"deal\" data-item-widget=\"dlz\" data-item-promotion-id=\"dlz_234902.205538.118126.220496.234898.182242.234341.192623\" data-item-position=\"4\" data-item-id=\"220482\" data-item-name=\"MediaMarkt: Bose Soundlink Flex (2. Gen) \u2013 Schwarz\" data-item-brand=\"Bose\" data-item-advertiser=\"MediaMarkt\" data-item-deal-id=\"220496\"><\/p>\n<p>\n    Bose Soundlink Flex (2. Gen) \u2013 Schwarz  <\/p>\n<p>      <img loading=\"lazy\" decoding=\"async\" width=\"180\" height=\"180\" src=\"https:\/\/www.europesays.com\/de\/wp-content\/uploads\/2025\/06\/bose-soundlink-flex-gen-2-deal-180x180.png\" class=\"attachment-small-teaser size-small-teaser\" alt=\"\"  \/>    <\/p>\n<p>\n        Bose Soundlink Flex (2. Gen) \u2013 Schwarz      <\/p>\n<p>\n            154,99\u2009\u20ac          <\/p>\n<p>\n                14% Rabatt              <\/p>\n<p>\n              179,95\u2009\u20ac\n            <\/p>\n<p>            bei <img loading=\"lazy\" decoding=\"async\" width=\"360\" height=\"120\" src=\"https:\/\/www.europesays.com\/de\/wp-content\/uploads\/2025\/06\/mediamarkt-360x120.png\" class=\"attachment-small-teaser size-small-teaser\" alt=\"MediaMarktLogo\"  \/>          <\/p>\n<p>               \u00a0zum Angebot<\/p>\n<p><\/a><\/p>\n<p><a class=\"deal-variantlist-item\" title=\"JBL Charge 6 \u2013 Schwarz kaufen bei MediaMarkt\" href=\"https:\/\/pvn.mediamarkt.de\/trck\/eclick\/aea9ebe73bd980b9ff74aee73eb408bf?subid=178819-dlz5-234898&amp;url=https%3A%2F%2Fwww.mediamarkt.de%2Fde%2Fproduct%2F_jbl-charge-6-bluetooth-lautsprecher-schwarz-wasserfest-2981824.html\" target=\"_blank\" rel=\"noopener nofollow\" data-item-category=\"deal\" data-item-widget=\"dlz\" data-item-promotion-id=\"dlz_234902.205538.118126.220496.234898.182242.234341.192623\" data-item-position=\"5\" data-item-id=\"227782\" data-item-name=\"MediaMarkt: JBL Charge 6 \u2013 Schwarz\" data-item-brand=\"JBL\" data-item-advertiser=\"MediaMarkt\" data-item-deal-id=\"234898\"><\/p>\n<p>\n    JBL Charge 6 \u2013 Schwarz  <\/p>\n<p>      <img loading=\"lazy\" decoding=\"async\" width=\"180\" height=\"180\" src=\"https:\/\/www.europesays.com\/de\/wp-content\/uploads\/2025\/06\/jbl-charge-6-deal-schwarz-180x180.png\" class=\"attachment-small-teaser size-small-teaser\" alt=\"\"  \/>    <\/p>\n<p>\n        JBL Charge 6 \u2013 Schwarz      <\/p>\n<p>\n            177,99\u2009\u20ac          <\/p>\n<p>\n                11% Rabatt              <\/p>\n<p>\n              199,99\u2009\u20ac\n            <\/p>\n<p>            bei <img loading=\"lazy\" decoding=\"async\" width=\"360\" height=\"120\" src=\"https:\/\/www.europesays.com\/de\/wp-content\/uploads\/2025\/06\/mediamarkt-360x120.png\" class=\"attachment-small-teaser size-small-teaser\" alt=\"MediaMarktLogo\"  \/>          <\/p>\n<p>               \u00a0zum Angebot<\/p>\n<p><\/a><\/p>\n<p><a class=\"deal-variantlist-item\" title=\"JBL Xtreme 4 \u2013 Schwarz kaufen bei MediaMarkt\" href=\"https:\/\/pvn.mediamarkt.de\/trck\/eclick\/aea9ebe73bd980b9ff74aee73eb408bf?subid=178819-dlz6-182242&amp;url=https%3A%2F%2Fwww.mediamarkt.de%2Fde%2Fproduct%2F_jbl-xtreme-4-bluetooth-lautsprecher-schwarz-wasserfest-2916895.html\" target=\"_blank\" rel=\"noopener nofollow\" data-item-category=\"deal\" data-item-widget=\"dlz\" data-item-promotion-id=\"dlz_234902.205538.118126.220496.234898.182242.234341.192623\" data-item-position=\"6\" data-item-id=\"182240\" data-item-name=\"MediaMarkt: JBL Xtreme 4 \u2013 Schwarz\" data-item-brand=\"JBL\" data-item-advertiser=\"MediaMarkt\" data-item-deal-id=\"182242\"><\/p>\n<p>\n    JBL Xtreme 4 \u2013 Schwarz  <\/p>\n<p>      <img loading=\"lazy\" decoding=\"async\" width=\"180\" height=\"180\" src=\"https:\/\/www.europesays.com\/de\/wp-content\/uploads\/2025\/06\/jbl-xtreme-4-produktbild-180x180.png\" class=\"attachment-small-teaser size-small-teaser\" alt=\"\"  \/>    <\/p>\n<p>\n        JBL Xtreme 4 \u2013 Schwarz      <\/p>\n<p>\n            269\u2009\u20ac          <\/p>\n<p>\n                23% Rabatt              <\/p>\n<p>\n              349,99\u2009\u20ac\n            <\/p>\n<p>            bei <img loading=\"lazy\" decoding=\"async\" width=\"360\" height=\"120\" src=\"https:\/\/www.europesays.com\/de\/wp-content\/uploads\/2025\/06\/mediamarkt-360x120.png\" class=\"attachment-small-teaser size-small-teaser\" alt=\"MediaMarktLogo\"  \/>          <\/p>\n<p>               \u00a0zum Angebot<\/p>\n<p><\/a><\/p>\n<p><a class=\"deal-variantlist-item\" title=\"Marshall Kilburn III \u2013 Schwarz kaufen bei MediaMarkt\" href=\"https:\/\/pvn.mediamarkt.de\/trck\/eclick\/aea9ebe73bd980b9ff74aee73eb408bf?subid=178819-dlz7-234341&amp;url=https%3A%2F%2Fwww.mediamarkt.de%2Fde%2Fproduct%2F_marshall-kilburn-iii-bluetooth-lautsprecher-black-and-brass-wasserfest-2995715.html\" target=\"_blank\" rel=\"noopener nofollow\" data-item-category=\"deal\" data-item-widget=\"dlz\" data-item-promotion-id=\"dlz_234902.205538.118126.220496.234898.182242.234341.192623\" data-item-position=\"7\" data-item-id=\"234264\" data-item-name=\"MediaMarkt: Marshall Kilburn III \u2013 Schwarz\" data-item-brand=\"Marshall\" data-item-advertiser=\"MediaMarkt\" data-item-deal-id=\"234341\"><\/p>\n<p>\n    Marshall Kilburn III \u2013 Schwarz  <\/p>\n<p>      <img loading=\"lazy\" decoding=\"async\" width=\"180\" height=\"180\" src=\"https:\/\/www.europesays.com\/de\/wp-content\/uploads\/2025\/06\/marshall-kilburn-iii-deal-schwarz-180x180.png\" class=\"attachment-small-teaser size-small-teaser\" alt=\"\"  \/>    <\/p>\n<p>\n        Marshall Kilburn III \u2013 Schwarz      <\/p>\n<p>            bei <img loading=\"lazy\" decoding=\"async\" width=\"360\" height=\"120\" src=\"https:\/\/www.europesays.com\/de\/wp-content\/uploads\/2025\/06\/mediamarkt-360x120.png\" class=\"attachment-small-teaser size-small-teaser\" alt=\"MediaMarktLogo\"  \/>          <\/p>\n<p>               \u00a0zum Angebot<\/p>\n<p><\/a><\/p>\n<p><a class=\"deal-variantlist-item\" title=\"JBL Partybox Club 120  kaufen bei MediaMarkt\" href=\"https:\/\/pvn.mediamarkt.de\/trck\/eclick\/aea9ebe73bd980b9ff74aee73eb408bf?subid=178819-dlz8-192623&amp;url=https%3A%2F%2Fwww.mediamarkt.de%2Fde%2Fproduct%2F_jbl-partybox-club-120-tragbarer-partylautsprecher-schwarz-2917596.html\" target=\"_blank\" rel=\"noopener nofollow\" data-item-category=\"deal\" data-item-widget=\"dlz\" data-item-promotion-id=\"dlz_234902.205538.118126.220496.234898.182242.234341.192623\" data-item-position=\"8\" data-item-id=\"192613\" data-item-name=\"MediaMarkt: JBL Partybox Club 120\" data-item-brand=\"JBL\" data-item-advertiser=\"MediaMarkt\" data-item-deal-id=\"192623\"><\/p>\n<p>\n    JBL Partybox Club 120   <\/p>\n<p>      <img loading=\"lazy\" decoding=\"async\" width=\"180\" height=\"180\" src=\"https:\/\/www.europesays.com\/de\/wp-content\/uploads\/2025\/06\/jbl-partybox-club-120-deal-180x180.png\" class=\"attachment-small-teaser size-small-teaser\" alt=\"\"  \/>    <\/p>\n<p>\n        JBL Partybox Club 120       <\/p>\n<p>\n            329,99\u2009\u20ac          <\/p>\n<p>\n                18% Rabatt              <\/p>\n<p>\n              399,99\u2009\u20ac\n            <\/p>\n<p>            bei <img loading=\"lazy\" decoding=\"async\" width=\"360\" height=\"120\" src=\"https:\/\/www.europesays.com\/de\/wp-content\/uploads\/2025\/06\/mediamarkt-360x120.png\" class=\"attachment-small-teaser size-small-teaser\" alt=\"MediaMarktLogo\"  \/>          <\/p>\n<p>               \u00a0zum Angebot<\/p>\n<p><\/a><\/p>\n<p>      F\u00fcr Links auf dieser Seite erh\u00e4lt HIFI.DE evtl. eine Provision vom Shop. <a rel=\"nofollow noopener\" href=\"https:\/\/hifi.de\/transparenz\" target=\"_blank\">Weitere Infos<\/a><\/p>\n<p>So funktioniert die MediaMarkt Mehrwertsteuer-Aktion<\/p>\n<p>Nat\u00fcrlich kann MediaMarkt nicht einfach entscheiden, keine Mehrwertsteuer ans Finanzamt abzuf\u00fchren. Stattdessen gew\u00e4hrt der H\u00e4ndler dir einfach Rabatt in H\u00f6he der Mehrwertsteuer: 16 Prozent auf fast das gesamte Sortiment. Aber Achtung: Um von den Rabatten zu profitieren, musst du Mitglied des Loyalit\u00e4tsprogramms myMediaMarkt sein. <a href=\"https:\/\/pvn.mediamarkt.de\/trck\/eclick\/aea9ebe73bd980b9ff74aee73eb408bf?subid=178819-cnt2-&amp;url=https%3A%2F%2Fwww.mediamarkt.de%2Fde%2Fmyaccount%2Floyalty-benefits\" target=\"_blank\" rel=\"noopener nofollow\" class=\"atrl\" data-item-category=\"deal\" data-item-widget=\"cnt\" data-item-promotion-id=\"178819-cnt2-\">Hier<\/a> geht\u2019s zur kostenfreien Anmeldung.<\/p>\n<p>Bei vielen Produkten wird dir der endg\u00fcltige Preis direkt auf der Produktseite angezeigt. Bei anderen wird er erst im Warenkorb abgezogen. Falls dir eine unserer Empfehlungen gef\u00e4llt, dir aber noch zu teuer ist, lege das Produkt einfach in den Warenkorb. Mit etwas Gl\u00fcck f\u00e4llt der Preis dann noch weiter.<\/p>\n<p>Die Mehrwertsteuer-Aktion l\u00e4uft noch bis Montag, 30.06.2025 um 23:59 Uhr. Lass dir mit deiner Entscheidung nicht allzu lange Zeit. Erfahrungsgem\u00e4\u00df sind die besten Angebote schnell vergriffen.<\/p>\n<p>Bluetooth-Lautsprecher g\u00fcnstig einkaufen: Darauf kommt es an<\/p>\n<p>Wir haben \u00fcber die Jahre zahlreiche <a href=\"https:\/\/hifi.de\/bestenliste\/bluetooth-lautsprecher-42123\" rel=\"nofollow noopener\" target=\"_blank\">Bluetooth-Lautsprecher<\/a> von JBL, Marshall, Bose und anderen Herstellern getestet. Sie alle verfolgen unterschiedliche Ziele: Ein <a href=\"https:\/\/hifi.de\/beste\/jbl-bluetooth-lautsprecher-105185\" rel=\"nofollow noopener\" target=\"_blank\">JBL-Lautsprecher<\/a> will laut und robust f\u00fcr unterwegs sein, ein <a href=\"https:\/\/hifi.de\/beste\/marshall-bluetooth-lautsprecher-117073\" rel=\"nofollow noopener\" target=\"_blank\">Marshall-Lautsprecher<\/a> mit Stil \u00fcberzeugen. Um den passenden Speaker f\u00fcr dich zu finden, solltest du dir Aspekte wie die Akkulaufzeit, Form und Gewicht f\u00fcr maximale Mobilit\u00e4t oder auch die Wasserschutzklasse anschauen. Falls du einen besonders kompakten Lautsprecher suchst, hast du Gl\u00fcck, denn hier gibt\u2019s die g\u00fcnstigsten Preise. Wenn du mehr Geld in die Hand nimmst, kannst du wiederum in der Regel mit einer h\u00f6heren Maximallautst\u00e4rke oder einer l\u00e4ngeren Akkulaufzeit rechnen.<\/p>\n<p>In der Dealliste oben findest du \u00fcberwiegend Lautsprecher, die wir bei HIFI.DE getestet haben. Mit dabei ist nicht nur unsere aktuelle Nr. 2, die <a href=\"https:\/\/hifi.de\/test\/jbl-boombox-3-test-148289\" rel=\"nofollow noopener\" target=\"_blank\">JBL Xtreme 4<\/a>. Wir empfehlen dir auch viele andere, teils deutlich g\u00fcnstigere Lautsprecher. Was z\u00e4hlt, ist das Preis-Leistungs-Verh\u00e4ltnis. Falls du dir vor dem Einkauf einen \u00dcberblick \u00fcber die besten Boxen am Markt machen m\u00f6chtest, hilft dir unsere Rangliste aller getesteten Modelle weiter:<\/p>\n<p>\t<strong class=\"bestlist-preview__headline uppercase block font-bold text-lg mb-1\"><br \/>\n\t\tBestenliste Bluetooth-Lautsprecher\t<\/strong><\/p>\n<p>Werbung<\/p>\n<p>        <a class=\"bestlist-preview__more btn btn-hifi\" href=\"https:\/\/hifi.de\/bestenliste\/bluetooth-lautsprecher-42123\" rel=\"nofollow noopener\" target=\"_blank\"><br \/>\n            \u00bb Die Top 38 Bluetooth-Lautsprecher        <\/a><\/p>\n","protected":false},"excerpt":{"rendered":"Im Zuge der Mehrwertsteuer-Aktion von MediaMarkt hagelt es immer wieder richtig gute Angebote. So auch f\u00fcr Bluetooth-Lautsprecher. Dieses&hellip;\n","protected":false},"author":2,"featured_media":226374,"comment_status":"","ping_status":"","sticky":false,"template":"","format":"standard","meta":{"footnotes":""},"categories":[135],"tags":[29,30,190,189,194,191,193,192],"class_list":{"0":"post-226373","1":"post","2":"type-post","3":"status-publish","4":"format-standard","5":"has-post-thumbnail","7":"category-wissenschaft-technik","8":"tag-deutschland","9":"tag-germany","10":"tag-science","11":"tag-science-technology","12":"tag-technik","13":"tag-technology","14":"tag-wissenschaft","15":"tag-wissenschaft-technik"},"share_on_mastodon":{"url":"","error":""},"_links":{"self":[{"href":"https:\/\/www.europesays.com\/de\/wp-json\/wp\/v2\/posts\/226373","targetHints":{"allow":["GET"]}}],"collection":[{"href":"https:\/\/www.europesays.com\/de\/wp-json\/wp\/v2\/posts"}],"about":[{"href":"https:\/\/www.europesays.com\/de\/wp-json\/wp\/v2\/types\/post"}],"author":[{"embeddable":true,"href":"https:\/\/www.europesays.com\/de\/wp-json\/wp\/v2\/users\/2"}],"replies":[{"embeddable":true,"href":"https:\/\/www.europesays.com\/de\/wp-json\/wp\/v2\/comments?post=226373"}],"version-history":[{"count":0,"href":"https:\/\/www.europesays.com\/de\/wp-json\/wp\/v2\/posts\/226373\/revisions"}],"wp:featuredmedia":[{"embeddable":true,"href":"https:\/\/www.europesays.com\/de\/wp-json\/wp\/v2\/media\/226374"}],"wp:attachment":[{"href":"https:\/\/www.europesays.com\/de\/wp-json\/wp\/v2\/media?parent=226373"}],"wp:term":[{"taxonomy":"category","embeddable":true,"href":"https:\/\/www.europesays.com\/de\/wp-json\/wp\/v2\/categories?post=226373"},{"taxonomy":"post_tag","embeddable":true,"href":"https:\/\/www.europesays.com\/de\/wp-json\/wp\/v2\/tags?post=226373"}],"curies":[{"name":"wp","href":"https:\/\/api.w.org\/{rel}","templated":true}]}}