{"id":226657,"date":"2025-06-28T18:25:13","date_gmt":"2025-06-28T18:25:13","guid":{"rendered":"https:\/\/www.europesays.com\/de\/226657\/"},"modified":"2025-06-28T18:25:13","modified_gmt":"2025-06-28T18:25:13","slug":"ein-hartes-jahr-jan-hartmann-kaempft-fuer-sein-familienglueck","status":"publish","type":"post","link":"https:\/\/www.europesays.com\/de\/226657\/","title":{"rendered":"&#8222;Ein hartes Jahr&#8220;: Jan Hartmann k\u00e4mpft f\u00fcr sein Familiengl\u00fcck"},"content":{"rendered":"<p>&#8222;Es ist ein hartes Jahr&#8220;<\/p>\n<p>Jan Hartmann k\u00e4mpft f\u00fcr sein Familiengl\u00fcck<\/p>\n<p>von teleschau<\/p>\n<p>28.06.2025, 19:03 Uhr<\/p>\n<p>28. Juni 2025 um 19:03 Uhr<\/p>\n<p>Schauspieler Jan Hartmann spricht offen \u00fcber die Herausforderungen zwischen Karriere und Vaterrolle. Tr\u00e4nen, Pendelstress und eine starke Partnerin pr\u00e4gen sein Jahr.<\/p>\n<p><a href=\"https:\/\/www.bunte.de\/starprofile\/jan-hartmann.html\" rel=\"follow nofollow noopener\" target=\"_self\">Jan Hartmann<\/a> spricht Klartext: &#8222;Es ist ein hartes Jahr&#8220;, gestand der Schauspieler im Interview mit der Nachrichtenagentur teleschau und meinte damit nicht die Karriere, sondern sein Familienleben. Hartmann lebt mit seiner Frau und den beiden Kindern in M\u00fcnchen, pendelt aber regelm\u00e4\u00dfig nach Berlin. Dort steht er f\u00fcr die neue Staffel von &#8222;Die Spreewaldklinik&#8220; vor der Kamera. Ab 30. Juni ist er als Dr. Mark Engelhardt in der zweiten Staffel bei SAT.1 zu sehen &#8211; montags bis freitags mit 126 neuen Folgen. Bereits ab 27. Juni ist die Serie auf Joyn abrufbar.<\/p>\n<p>ANZEIGE<img decoding=\"async\" data-hk=\"008350a1902004010\" loading=\"lazy\"  src=\"https:\/\/www.europesays.com\/de\/wp-content\/uploads\/2025\/06\/7fae6d78-04c7-4a86-9854-b0223ca4da36.9139bf23-34c5-42a4-b70c-be98a4e18c97.jpeg\"  alt=\"Jan Hartmann im Interview\" width=\"1152\" height=\"720\"\/> Neuzugang Dr. Mark Engelhardt (Jan Hartmann, rechts) stellt die Beziehung zwischen Dr. Erik Behrens (Daniel Buder) und Dr. Lea Wolff (Sina-Valeska Jung) zu Beginn der zweiten Staffel von \u201eDie Spreewaldklinik\u201c auf die Probe.  Joyn \/ Claudius Pflug <\/p>\n<p>Die Trennung von seinen Kindern ist f\u00fcr den 44-J\u00e4hrigen nicht einfach. &#8222;Wenn ich f\u00fcr Dreharbeiten unterwegs bin, f\u00e4llt es mir inzwischen schwerer, von zu Hause wegzufahren, selbst wenn ich wei\u00df, dass ich am Wochenende wiederkomme. Diese Trennung ist weder f\u00fcr mich noch f\u00fcr die Kinder leicht. Es flie\u00dfen Tr\u00e4nen auf beiden Seiten.&#8220;<\/p>\n<p>Dreharbeiten stellen Jan Hartmann vor private Herausforderungen<\/p>\n<p>Fr\u00fcher reiste die Familie mit &#8211; egal ob Norwegen oder Sardinien. &#8222;Wir waren drei bis vier Monate am St\u00fcck unterwegs, was wunderbar funktioniert hat.&#8220; Doch das hat sich ge\u00e4ndert, wie der Schauspieler im Interview verr\u00e4t: &#8222;Inzwischen ist unser Sohn in der dritten Klasse, und damit ver\u00e4nderten sich die Rahmenbedingungen. Die Schulpflicht bringt ganz andere logistische Herausforderungen mit sich. Wir sind an die Ferien gebunden, und die Kinder k\u00f6nnen nicht mehr einfach so mitreisen. Also pendele ich jetzt.&#8220;<\/p>\n<p>ANZEIGE<\/p>\n<p><a data-hk=\"031110\" data-qa-article-links-box-title-link=\"https:\/\/www.bunte.de\/stars\/true\" href=\"https:\/\/www.bunte.de\/stars\/\" rel=\"follow nofollow noopener\" target=\"_self\">Mehr aus dem Bereich Stars<\/a><a data-hk=\"031120\" data-qa-article-links-box-href=\"https:\/\/www.bunte.de\/stars\/true\" href=\"https:\/\/www.bunte.de\/stars\/jeff-bezos-und-lauren-sanchez-hand-in-hand-erster-auftritt-als-frischvermaehlte_d7d9fcbf-eeea-46cb-8d73-7094299aeaab.html\" rel=\"follow nofollow noopener\" target=\"_self\" class=\"LinkBox_Link row\"><\/p>\n<p>Jeff Bezos und Lauren S\u00e1nchez Hand in Hand: Erster Auftritt als Frischverm\u00e4hlte<\/p>\n<p>Samstag, 28.06.2025 | 19:33<\/a><a data-hk=\"031125\" data-qa-article-links-box-href=\"https:\/\/www.bunte.de\/stars\/true\" href=\"https:\/\/www.bunte.de\/stars\/star-news\/weltfussballerin-kurz-vor-der-em-wegen-infektion-in-klinik-verlauf-ungewiss_98cfabf6-d7c6-43d2-b56a-1476a359d260.html\" rel=\"follow nofollow noopener\" target=\"_self\" class=\"LinkBox_Link row\"><\/p>\n<p>Weltfu\u00dfballerin kurz vor der EM im Krankenhaus: &#8222;Verlauf ist ungewiss&#8220;<\/p>\n<p>Samstag, 28.06.2025 | 19:11<\/a><a data-hk=\"03112a10\" data-qa-article-links-box-href=\"https:\/\/www.bunte.de\/stars\/true\" href=\"https:\/\/www.bunte.de\/stars\/jeff-bezos-und-lauren-sanchez-hochzeit-einen-star-gast-vermisst-die-braut_094bada1-04f3-446c-8ca9-f8c5c8198b99.html\" rel=\"follow nofollow noopener\" target=\"_self\" class=\"LinkBox_Link row LinkBox_Link--Last-Visible\"><\/p>\n<p>Jeff Bezos&#8216; und Lauren S\u00e1nchez&#8216; Hochzeit: Einen Star-Gast vermisste die Braut<\/p>\n<p>Samstag, 28.06.2025 | 19:09<\/a><a data-hk=\"03112a15\" data-qa-article-links-box-href=\"https:\/\/www.bunte.de\/stars\/true\" href=\"https:\/\/www.bunte.de\/stars\/verlobung-geloest-kim-vigirnia-hartung-bricht-gespraech-mit-nikola-ab_7001c57a-fa2c-4aa9-8863-77d5c5ea24ca.html\" rel=\"follow nofollow noopener\" target=\"_self\" class=\"LinkBox_Link row LinkBox_Link--Hidden\"><\/p>\n<p>Kim Vigirnia bricht Gespr\u00e4ch mit Nikola ab<\/p>\n<p>Samstag, 28.06.2025 | 19:04<\/a><a data-hk=\"03112a20\" data-qa-article-links-box-href=\"https:\/\/www.bunte.de\/stars\/true\" href=\"https:\/\/www.bunte.de\/stars\/michelle-obama-ueber-den-verlust-ihrer-mutter-koerper-schaltete-einfach-ab_cdeb0f86-aa55-493d-b332-e66e579cee08.html\" rel=\"follow nofollow noopener\" target=\"_self\" class=\"LinkBox_Link row LinkBox_Link--Hidden\"><\/p>\n<p>Michelle Obama \u00fcber den Tod ihrer Mutter: &#8222;K\u00f6rper schaltete einfach ab&#8220;<\/p>\n<p>Samstag, 28.06.2025 | 19:02<\/a><a data-hk=\"03112a25\" data-qa-article-links-box-href=\"https:\/\/www.bunte.de\/stars\/true\" href=\"https:\/\/www.bunte.de\/stars\/hochzeit-mit-jeff-bezos-erste-details-zum-brautkleid-von-lauren-sanchez_d65800a8-a66d-44dd-9784-aad465d869d2.html\" rel=\"follow nofollow noopener\" target=\"_self\" class=\"LinkBox_Link row LinkBox_Link--Hidden\"><\/p>\n<p>Domenico Dolce h\u00f6chstpers\u00f6nlich legte der Braut den Schleier an<\/p>\n<p>Samstag, 28.06.2025 | 19:01<\/a><a data-hk=\"03112a30\" data-qa-article-links-box-href=\"https:\/\/www.bunte.de\/stars\/true\" href=\"https:\/\/www.bunte.de\/stars\/stars-die-liebe\/welche-a-lister-mit-jeff-bezos-lauren-sanchez-feierten_04f8d9e3-e30e-4921-a3d3-48ad54edc939.html\" rel=\"follow nofollow noopener\" target=\"_self\" class=\"LinkBox_Link row LinkBox_Link--Hidden\"><\/p>\n<p>Ein Blick auf die G\u00e4ste der Bezos-Hochzeit<\/p>\n<p>Samstag, 28.06.2025 | 16:05<\/a><a data-hk=\"03112a35\" data-qa-article-links-box-href=\"https:\/\/www.bunte.de\/stars\/true\" href=\"https:\/\/www.bunte.de\/stars\/star-news\/so-geht-die-party-von-jeff-bezos-und-seiner-lauren-jetzt-weiter_fa039086-90b0-4996-a86f-cc9ca8d07aaf.html\" rel=\"follow nofollow noopener\" target=\"_self\" class=\"LinkBox_Link row LinkBox_Link--Hidden\"><\/p>\n<p>So geht die Party von Jeff Bezos und seiner Lauren jetzt weiter<\/p>\n<p>Samstag, 28.06.2025 | 15:41<\/a><a data-hk=\"03112a40\" data-qa-article-links-box-href=\"https:\/\/www.bunte.de\/stars\/true\" href=\"https:\/\/www.bunte.de\/stars\/star-news\/fussballer-influencer-das-ist-der-freund-von-em-spielerin-elisa-senss_fb5b4b15-e8c2-44cc-8b6c-74bb43bc304f.html\" rel=\"follow nofollow noopener\" target=\"_self\" class=\"LinkBox_Link row LinkBox_Link--Hidden\"><\/p>\n<p>Fu\u00dfballer &amp; Influencer: Das ist der Freund von EM-Spielerin Elisa Sen\u00df<\/p>\n<p>Samstag, 28.06.2025 | 11:08<\/a><a data-hk=\"03112a45\" data-qa-article-links-box-href=\"https:\/\/www.bunte.de\/stars\/true\" href=\"https:\/\/www.bunte.de\/stars\/star-news\/frauen-em-star-kathrin-hendrich-liebt-ex-bundesliga-profi_6b9d9aee-31db-44ae-8787-c734247b066e.html\" rel=\"follow nofollow noopener\" target=\"_self\" class=\"LinkBox_Link row LinkBox_Link--Hidden\"><\/p>\n<p>Frauen-EM-Star Kathrin Hendrich liebt Ex-Bundesliga-Profi <\/p>\n<p>Samstag, 28.06.2025 | 11:07<\/a><\/p>\n<p>Trotz allem h\u00e4lt Hartmann an einem Ziel fest: Zeit f\u00fcr die Familie. &#8222;Sobald ich zwei freie Tage habe, fahre ich nach Hause. Die Kinder sind jetzt in einem Alter, in dem sie vieles bewusster erleben. Wir unternehmen gemeinsam Ausfl\u00fcge oder treiben Sport. Es ist ein hartes Jahr, weil wir diese Konstellation so noch nicht hatten. Aber ich habe gro\u00dfe Lust zu arbeiten, denn das geh\u00f6rt eben auch dazu.&#8220; Dabei \u00fcbernimmt seine Frau das Steuer zu Hause. &#8222;Sie managt das ganz hervorragend &#8211; ohne sie w\u00fcrde es gar nicht gehen.&#8220;<\/p>\n<p>Und der Schauspieler selbst? Zieht Motivation aus der Vergangenheit. &#8222;Mein Vater war in meiner Kindheit leider kaum pr\u00e4sent. Genau das wollten wir f\u00fcr unsere Kinder vermeiden&#8220;, erkl\u00e4rt er im Interview.<\/p>\n","protected":false},"excerpt":{"rendered":"&#8222;Es ist ein hartes Jahr&#8220; Jan Hartmann k\u00e4mpft f\u00fcr sein Familiengl\u00fcck von teleschau 28.06.2025, 19:03 Uhr 28. Juni&hellip;\n","protected":false},"author":2,"featured_media":226658,"comment_status":"","ping_status":"","sticky":false,"template":"","format":"standard","meta":{"footnotes":""},"categories":[1776],"tags":[1801,29,214,30,1802,215],"class_list":{"0":"post-226657","1":"post","2":"type-post","3":"status-publish","4":"format-standard","5":"has-post-thumbnail","7":"category-prominente","8":"tag-celebrities","9":"tag-deutschland","10":"tag-entertainment","11":"tag-germany","12":"tag-prominente","13":"tag-unterhaltung"},"share_on_mastodon":{"url":"https:\/\/pubeurope.com\/@de\/114762398089040968","error":""},"_links":{"self":[{"href":"https:\/\/www.europesays.com\/de\/wp-json\/wp\/v2\/posts\/226657","targetHints":{"allow":["GET"]}}],"collection":[{"href":"https:\/\/www.europesays.com\/de\/wp-json\/wp\/v2\/posts"}],"about":[{"href":"https:\/\/www.europesays.com\/de\/wp-json\/wp\/v2\/types\/post"}],"author":[{"embeddable":true,"href":"https:\/\/www.europesays.com\/de\/wp-json\/wp\/v2\/users\/2"}],"replies":[{"embeddable":true,"href":"https:\/\/www.europesays.com\/de\/wp-json\/wp\/v2\/comments?post=226657"}],"version-history":[{"count":0,"href":"https:\/\/www.europesays.com\/de\/wp-json\/wp\/v2\/posts\/226657\/revisions"}],"wp:featuredmedia":[{"embeddable":true,"href":"https:\/\/www.europesays.com\/de\/wp-json\/wp\/v2\/media\/226658"}],"wp:attachment":[{"href":"https:\/\/www.europesays.com\/de\/wp-json\/wp\/v2\/media?parent=226657"}],"wp:term":[{"taxonomy":"category","embeddable":true,"href":"https:\/\/www.europesays.com\/de\/wp-json\/wp\/v2\/categories?post=226657"},{"taxonomy":"post_tag","embeddable":true,"href":"https:\/\/www.europesays.com\/de\/wp-json\/wp\/v2\/tags?post=226657"}],"curies":[{"name":"wp","href":"https:\/\/api.w.org\/{rel}","templated":true}]}}