{"id":227081,"date":"2025-06-28T22:21:09","date_gmt":"2025-06-28T22:21:09","guid":{"rendered":"https:\/\/www.europesays.com\/de\/227081\/"},"modified":"2025-06-28T22:21:09","modified_gmt":"2025-06-28T22:21:09","slug":"berlin-brandenburg-festnahmen-und-verletzte-bei-propalaestinensischer-demo","status":"publish","type":"post","link":"https:\/\/www.europesays.com\/de\/227081\/","title":{"rendered":"Berlin &#038; Brandenburg: Festnahmen und Verletzte bei propal\u00e4stinensischer Demo"},"content":{"rendered":"<p>                    Berlin &amp; Brandenburg<br \/>\n                Festnahmen und Verletzte bei propal\u00e4stinensischer Demo<\/p>\n<p>\t\t\t\t              28.06.2025, 23:44 Uhr<\/p>\n<p><strong>In Berlin versammeln sich erneut Menschen, um gegen das israelische Vorgehen zu protestieren. Dabei werden auch Menschen verletzt.<\/strong><\/p>\n<p>Berlin (dpa\/bb) &#8211; Bei einer propal\u00e4stinensischen Demonstration in Berlin sind drei Einsatzkr\u00e4fte verletzt und 14 Menschen festgenommen worden. Das postete die Berliner Polizei auf der Plattform X.<\/p>\n<p>An dem Protestzug von Tempelhof nach Kreuzberg unter dem Titel &#8222;Solidarit\u00e4t mit Pal\u00e4stina Stoppt den Gaza Genozid Keine Waffenlieferungen an Israel&#8220; nahmen laut Polizei 400 Menschen teil. Dabei wurden den Angaben zufolge mehrfach Journalisten bei ihrer Arbeit behindert.<\/p>\n<p>\u00a0Zudem seien wiederholt strafbare Ausrufe skandiert worden. Bei der Festnahme mehrerer Personen h\u00e4tten Einsatzkr\u00e4fte unmittelbaren Zwang anwenden m\u00fcssen, da andere Demonstrierende die Festnahmen verhindern wollten, teilte die Polizei mit.<\/p>\n","protected":false},"excerpt":{"rendered":"Berlin &amp; Brandenburg Festnahmen und Verletzte bei propal\u00e4stinensischer Demo 28.06.2025, 23:44 Uhr In Berlin versammeln sich erneut Menschen,&hellip;\n","protected":false},"author":2,"featured_media":227082,"comment_status":"","ping_status":"","sticky":false,"template":"","format":"standard","meta":{"footnotes":""},"categories":[1816],"tags":[1960,1958,1959,1957,296,1956,1890,3387,29,886,30,3258],"class_list":{"0":"post-227081","1":"post","2":"type-post","3":"status-publish","4":"format-standard","5":"has-post-thumbnail","7":"category-brandenburg","8":"tag-aktuelle-nachrichten-aus-berlin-und-brandenburg","9":"tag-aktuelle-nachrichten-aus-brandenburg","10":"tag-aktuelle-news-aus-berlin-und-brandenburg","11":"tag-aktuelle-news-aus-brandenburg","12":"tag-berlin","13":"tag-berlin-und-brandenburg","14":"tag-brandenburg","15":"tag-demo","16":"tag-deutschland","17":"tag-festnahmen","18":"tag-germany","19":"tag-verletzte"},"share_on_mastodon":{"url":"","error":""},"_links":{"self":[{"href":"https:\/\/www.europesays.com\/de\/wp-json\/wp\/v2\/posts\/227081","targetHints":{"allow":["GET"]}}],"collection":[{"href":"https:\/\/www.europesays.com\/de\/wp-json\/wp\/v2\/posts"}],"about":[{"href":"https:\/\/www.europesays.com\/de\/wp-json\/wp\/v2\/types\/post"}],"author":[{"embeddable":true,"href":"https:\/\/www.europesays.com\/de\/wp-json\/wp\/v2\/users\/2"}],"replies":[{"embeddable":true,"href":"https:\/\/www.europesays.com\/de\/wp-json\/wp\/v2\/comments?post=227081"}],"version-history":[{"count":0,"href":"https:\/\/www.europesays.com\/de\/wp-json\/wp\/v2\/posts\/227081\/revisions"}],"wp:featuredmedia":[{"embeddable":true,"href":"https:\/\/www.europesays.com\/de\/wp-json\/wp\/v2\/media\/227082"}],"wp:attachment":[{"href":"https:\/\/www.europesays.com\/de\/wp-json\/wp\/v2\/media?parent=227081"}],"wp:term":[{"taxonomy":"category","embeddable":true,"href":"https:\/\/www.europesays.com\/de\/wp-json\/wp\/v2\/categories?post=227081"},{"taxonomy":"post_tag","embeddable":true,"href":"https:\/\/www.europesays.com\/de\/wp-json\/wp\/v2\/tags?post=227081"}],"curies":[{"name":"wp","href":"https:\/\/api.w.org\/{rel}","templated":true}]}}