{"id":227504,"date":"2025-06-29T02:30:33","date_gmt":"2025-06-29T02:30:33","guid":{"rendered":"https:\/\/www.europesays.com\/de\/227504\/"},"modified":"2025-06-29T02:30:33","modified_gmt":"2025-06-29T02:30:33","slug":"wildes-bietergefecht-ddr-wachturm-fuer-grosse-summe-versteigert-regional","status":"publish","type":"post","link":"https:\/\/www.europesays.com\/de\/227504\/","title":{"rendered":"Wildes Bietergefecht: DDR-Wachturm f\u00fcr gro\u00dfe Summe versteigert | Regional"},"content":{"rendered":"<p>Cumlosen\/Berlin \u2013 <b>Er war einmal Teil des t\u00f6dlichsten Zauns Europas \u2013 jetzt soll er wom\u00f6glich Touristen anziehen: Ein alter DDR-Grenzturm am Elbeufer in Cumlosen (Brandenburg) wurde am Freitag in Berlin versteigert \u2013 f\u00fcr 156.000 Euro!<\/b><\/p>\n<p>Und das Interesse war riesig an dem <a href=\"https:\/\/www.bild.de\/regional\/brandenburg\/ddr-wachturm-wird-versteigert-startpreis-gerade-mal-5000-euro-68383cb0cc8cef6abc4e8b8e\" class=\"text-link\" target=\"_blank\" rel=\"noopener\">Betonst\u00fcck trauriger Ost-Geschichte<\/a>. \u201eEs war ein wildes Bietergefecht\u201c, sagte Katja Heringhausen von der Deutschen Grundst\u00fccksauktionen AG der Deutschen Presse-Agentur. Das Geb\u00e4ude wurde Ende der 1970er erbaut \u2013 ein funktionaler Betonklotz mit klarer Mission: Grenze sichern und niemanden ohne Erlaubnis rein- oder gar rauslassen!<\/p>\n<p><img decoding=\"async\" width=\"992\" height=\"1493\" alt=\"Der Turm diente auch als Zollstation f\u00fcr Schiffe, die hier auf der Elbe die Grenze \u00fcberquerten\" src=\"https:\/\/www.europesays.com\/de\/wp-content\/uploads\/2025\/06\/16196321a3c711f03de99653532611d1,33a57d66\"   class=\"dynamic\" loading=\"lazy\"\/><\/p>\n<p class=\"fig__caption__text\">Der Turm diente auch als Zollstation f\u00fcr Schiffe, die hier auf der Elbe die Grenze \u00fcberquerten<\/p>\n<p>Foto: picture alliance \/ imageBROKER<\/p>\n<p>Das Objekt sei eines der meistgefragten im Katalog gewesen. 65 Bieter gab es f\u00fcr den Grenzturm. Startgebot: 5000 Euro. Heringhausen: \u201eIch glaube, wir haben noch nie eine so gro\u00dfe Anfrage gehabt.\u201c Der Verkauf wurde am Freitag noch beurkundet. Somit hat der K\u00e4ufer ab sofort zwei Monate Zeit, den Kaufpreis zu zahlen. Wie die <a href=\"https:\/\/www.maz-online.de\/brandenburg\/ehemaliger-ddr-grenzturm-an-der-elbe-versteigert-EMO2TE7AYNENTO63XC5EWNHIWU.html\" target=\"_blank\" rel=\"nofollow noopener\" class=\"text-link--external text-link\">M\u00e4rkische Allgemeine Zeitung<\/a> (MAZ) berichtet, soll Unternehmer Lutz Lange der neue Besitzer des ehemaligen Grenzturms sein. Lange ist Chef der nur wenige Kilometer entfernten Alten \u00d6lm\u00fchle in Wittenberge (<a href=\"https:\/\/www.bild.de\/regional\/brandenburg\/home-4iuSIwgeKB4eBkcDkDKD\" class=\"text-link\" target=\"_blank\" rel=\"noopener\">Brandenburg<\/a>) &#8211; dem bekannten Elbe-Resort.<\/p>\n<p>Lesen Sie auchDas bekommt der neue Besitzer f\u00fcr 156.000 Euro<\/p>\n<p>Das Grundst\u00fcck umfasst 3683 Quadratmeter, die Nutzfl\u00e4che des Turms betr\u00e4gt 180 Quadratmeter. Der Bau ist verputzt, typisch f\u00fcr die Grenzsicherungsanlagen der DDR \u2013 funktional, zweckgebunden, rau. Im Erdgeschoss: Flur mit Fliesen, Toilette, Technikraum und Durchgang zum Anbau. Eine Betontreppe f\u00fchrt in den Keller, die oberen Etagen waren die Aufenthaltsr\u00e4ume der Grenzsoldaten. Das dritte Obergeschoss war die Beobachtungsstelle.<\/p>\n<p><img decoding=\"async\" width=\"992\" height=\"744\" alt=\"Aus dem Turm blickt man auf die Elbe\" src=\"https:\/\/www.europesays.com\/de\/wp-content\/uploads\/2025\/06\/5e8b1bb1e6d4fb1fdd1f9f6764bdd94e,dcd09198\"   class=\"dynamic\" loading=\"lazy\"\/><\/p>\n<p class=\"fig__caption__text\">Aus dem Turm blickt man auf die Elbe<\/p>\n<p>Foto: Immobilienscout24\/Deutsche Grundst\u00fccksauktionen AG\n<\/p>\n<p>Der Anbau: ein rechteckiger, eingeschossiger Flachbau mit Fenstern, fr\u00fcher B\u00fcror\u00e4ume. Vom Turm f\u00fchrt ein Durchgang in den Anbau. Vandalismus, Leerstand, Wind und Wetter haben allerdings ihre Spuren hinterlassen. Der neue Besitzer braucht also auch ein gutes H\u00e4ndchen f\u00fcr Sanierung und Denkmalpflege!<\/p>\n","protected":false},"excerpt":{"rendered":"Cumlosen\/Berlin \u2013 Er war einmal Teil des t\u00f6dlichsten Zauns Europas \u2013 jetzt soll er wom\u00f6glich Touristen anziehen: Ein&hellip;\n","protected":false},"author":2,"featured_media":227505,"comment_status":"","ping_status":"","sticky":false,"template":"","format":"standard","meta":{"footnotes":""},"categories":[1825],"tags":[7288,296,1890,29,30,5331,1411,10334,45,843],"class_list":{"0":"post-227504","1":"post","2":"type-post","3":"status-publish","4":"format-standard","5":"has-post-thumbnail","7":"category-berlin","8":"tag-auktionen","9":"tag-berlin","10":"tag-brandenburg","11":"tag-deutschland","12":"tag-germany","13":"tag-immobilien","14":"tag-niedersachsen","15":"tag-pauly-torsten","16":"tag-texttospeech","17":"tag-verkauf"},"share_on_mastodon":{"url":"https:\/\/pubeurope.com\/@de\/114764305171956244","error":""},"_links":{"self":[{"href":"https:\/\/www.europesays.com\/de\/wp-json\/wp\/v2\/posts\/227504","targetHints":{"allow":["GET"]}}],"collection":[{"href":"https:\/\/www.europesays.com\/de\/wp-json\/wp\/v2\/posts"}],"about":[{"href":"https:\/\/www.europesays.com\/de\/wp-json\/wp\/v2\/types\/post"}],"author":[{"embeddable":true,"href":"https:\/\/www.europesays.com\/de\/wp-json\/wp\/v2\/users\/2"}],"replies":[{"embeddable":true,"href":"https:\/\/www.europesays.com\/de\/wp-json\/wp\/v2\/comments?post=227504"}],"version-history":[{"count":0,"href":"https:\/\/www.europesays.com\/de\/wp-json\/wp\/v2\/posts\/227504\/revisions"}],"wp:featuredmedia":[{"embeddable":true,"href":"https:\/\/www.europesays.com\/de\/wp-json\/wp\/v2\/media\/227505"}],"wp:attachment":[{"href":"https:\/\/www.europesays.com\/de\/wp-json\/wp\/v2\/media?parent=227504"}],"wp:term":[{"taxonomy":"category","embeddable":true,"href":"https:\/\/www.europesays.com\/de\/wp-json\/wp\/v2\/categories?post=227504"},{"taxonomy":"post_tag","embeddable":true,"href":"https:\/\/www.europesays.com\/de\/wp-json\/wp\/v2\/tags?post=227504"}],"curies":[{"name":"wp","href":"https:\/\/api.w.org\/{rel}","templated":true}]}}