{"id":227659,"date":"2025-06-29T04:03:13","date_gmt":"2025-06-29T04:03:13","guid":{"rendered":"https:\/\/www.europesays.com\/de\/227659\/"},"modified":"2025-06-29T04:03:13","modified_gmt":"2025-06-29T04:03:13","slug":"harry-ron-und-hermine-sehen-ganz-anders-aus","status":"publish","type":"post","link":"https:\/\/www.europesays.com\/de\/227659\/","title":{"rendered":"Harry, Ron und Hermine sehen ganz anders aus"},"content":{"rendered":"<p>Wer das magische Internat Hogwarts betritt, erwartet den ein oder anderen Zaubertrick. Doch in<br \/>\n<a data-ga-on=\"click,auxclick,contextmenu\" data-ga-event-category=\"Article\" data-ga-event-action=\"Internal Link Text\" data-ga-event-label=\"Click\" title=\"Harry Potter und der Gefangene von Askaban\" href=\"https:\/\/www.moviepilot.de\/movies\/harry-potter-und-der-gefangene-von-azkaban\" class=\"sc-6a922024-0 dZMhco mp_article_parsed_internal_link\" rel=\"nofollow noopener\" target=\"_blank\">Harry Potter und der Gefangene von Askaban<\/a> <b>wartete eine ganz<br \/>\nbesondere Verwandlung auf einen aufmerksamen Fan<\/b> \u2013 und<br \/>\nverwirrte ihn komplett.<\/p>\n<p>Harry Potter-Fan entlarvt Schauspiel-Doubles in Der Gefangene von Askaban<\/p>\n<p>\nAuf <a href=\"https:\/\/www.instagram.com\/reel\/DH87XAwMDZJ\/?igsh=dTMxM2hjeTRmMGR3%20\" data-ga-on=\"click,auxclick,contextmenu\" data-ga-event-category=\"Article\" data-ga-event-action=\"External Link Text\" data-ga-event-label=\"www.instagram.com\" target=\"_blank\" rel=\"noopener noreferrer nofollow\" class=\"sc-b3b33791-1 lidfUl\">Instagram \u00a0<\/a>teilte ein Fan<br \/>\nim April eine kuriose Beobachtung aus Harry Potter und der Gefangene von<br \/>\nAskaban. Der dritte Teil der Harry Potter-Reihe wird von Fans wegen seiner d\u00fcsteren Atmosph\u00e4re gesch\u00e4tzt und gilt als Fan-Favorit. Wie wir jetzt dank besagten Zuschauers wissen, bietet er ein <b>interessantes Detail ab Minute 43. <\/b>Bevor ihr weiterlest, solltet ihr euch das unterhaltsame Video des Fans anschauen, der v\u00f6llig ausflippt:<\/p>\n<p>Empfohlener redaktioneller Inhalt<\/p>\n<p class=\"sc-b30a3730-3 buBmaA\">An dieser Stelle findest du einen externen Inhalt von <strong>Instagram<\/strong>, der den Artikel erg\u00e4nzt. Du kannst ihn dir mit einem Klick anzeigen lassen und wieder ausblenden.<\/p>\n<p><b>Das passiert in der Szene:<\/b> Der angehende Zauberer Harry Potter und seine Freund:innen werden nicht nur mit den Intrigen des dunklen Magiers Lord Voldemort konfrontiert,<br \/>\nsondern begegnen mit Professor Lupin (<a data-ga-on=\"click,auxclick,contextmenu\" data-ga-event-category=\"Article\" data-ga-event-action=\"Internal Link Text\" data-ga-event-label=\"Click\" title=\"David Thewlis\" href=\"https:\/\/www.moviepilot.de\/people\/david-thewlis\" class=\"sc-6a922024-0 dZMhco mp_article_parsed_internal_link\" rel=\"nofollow noopener\" target=\"_blank\">David Thewlis<\/a>) einem neuen Lehrer in<br \/>\nVerteidigung gegen die dunklen K\u00fcnste. Lupin zeigt seinen Sch\u00fcler:innen, wie<br \/>\nman sich gegen einen Irrwicht wehrt \u2013 ein Wesen, welches sich<br \/>\ninstinktiv in das verwandelt, was sein Gegen\u00fcber am meisten<br \/>\nf\u00fcrchtet.<\/p>\n<p><b>Deshalb flippt der Fan aus: <\/b>In besagter Szene schwenkt die Kamera w\u00e4hrend dieser<br \/>\nVerwandlung von einer Sch\u00fclerin auf den Irrwicht und wieder zur\u00fcck<br \/>\nin den vorderen Teil der Klasse. Dabei sehen wir in der ersten Einstellung eindeutig Harry (<a data-ga-on=\"click,auxclick,contextmenu\" data-ga-event-category=\"Article\" data-ga-event-action=\"Internal Link Text\" data-ga-event-label=\"Click\" title=\"Daniel Radcliffe\" href=\"https:\/\/www.moviepilot.de\/people\/daniel-radcliffe\" class=\"sc-6a922024-0 dZMhco mp_article_parsed_internal_link\" rel=\"nofollow noopener\" target=\"_blank\">Daniel Radcliffe<\/a>), Ron (<a data-ga-on=\"click,auxclick,contextmenu\" data-ga-event-category=\"Article\" data-ga-event-action=\"Internal Link Text\" data-ga-event-label=\"Click\" title=\"Rupert Grint\" href=\"https:\/\/www.moviepilot.de\/people\/rupert-grint\" class=\"sc-6a922024-0 dZMhco mp_article_parsed_internal_link\" rel=\"nofollow noopener\" target=\"_blank\">Rupert Grint<\/a>) und Hermine (<a data-ga-on=\"click,auxclick,contextmenu\" data-ga-event-category=\"Article\" data-ga-event-action=\"Internal Link Text\" data-ga-event-label=\"Click\" title=\"Emma Watson\" href=\"https:\/\/www.moviepilot.de\/people\/emma-watson\" class=\"sc-6a922024-0 dZMhco mp_article_parsed_internal_link\" rel=\"nofollow noopener\" target=\"_blank\">Emma Watson<\/a>). In der kurz<br \/>\ndarauf folgenden Einstellung handelt es sich offensichtlich um<br \/>\nDoubles der drei Hauptdarsteller:innen. <\/p>\n<p>Das ist der Grund hinter dem Harry Potter-&#8222;Fehler&#8220;<\/p>\n<p>Doubles werden aus<br \/>\nverschiedenen Gr\u00fcnden eingesetzt. Manchmal, um die Schauspieler:innen<br \/>\nnicht durch intensive Stunts zu gef\u00e4hrden. Manchmal, um Zeit und somit Geld zu sparen.<br \/>\nLetzteres war hier der Fall. Was wie ein Schlampigkeitsfehler wirkt, hat gute Gr\u00fcnde: Radcliffe, Grint und Watson waren w\u00e4hrend<br \/>\ndes Filmdrehs erst zwischen dreizehn und f\u00fcnfzehn Jahre alt. Deshalb durften sie nur eine<br \/>\nbestimmte Anzahl von Stunden am Set arbeiten. <\/p>\n<p>Mehr zu den Harry Potter-Stars:<\/p>\n<p>\nAllerdings geschieht der Austausch nicht sehr subtil. Stattdessen ist deutlich zu erkennen, dass es sich nicht um Radcliffe, Watson und Grint handelt. Kein Wunder also, dass dieser<br \/>\nVerwandlungstrick bei dem Zuschauer gro\u00dfe Verwirrung hervorrief.<\/p>\n<p><script async src=\"\/\/www.instagram.com\/embed.js\"><\/script><\/p>\n","protected":false},"excerpt":{"rendered":"Wer das magische Internat Hogwarts betritt, erwartet den ein oder anderen Zaubertrick. Doch in Harry Potter und der&hellip;\n","protected":false},"author":2,"featured_media":227660,"comment_status":"","ping_status":"","sticky":false,"template":"","format":"standard","meta":{"footnotes":""},"categories":[1771],"tags":[18808,10425,1778,29,214,49824,30,551,48952,3511,72162,95,12221,1777,56937,13597,215,19465,49826],"class_list":{"0":"post-227659","1":"post","2":"type-post","3":"status-publish","4":"format-standard","5":"has-post-thumbnail","7":"category-kino","8":"tag-zauberer","9":"tag-10425","10":"tag-cinema","11":"tag-deutschland","12":"tag-entertainment","13":"tag-fantasyfilm","14":"tag-germany","15":"tag-grossbritannien","16":"tag-gutgelaunt","17":"tag-harry-potter","18":"tag-hexe","19":"tag-kino","20":"tag-magie","21":"tag-movie","22":"tag-romanverfilmung","23":"tag-schloss","24":"tag-unterhaltung","25":"tag-warner-bros","26":"tag-zauberei"},"share_on_mastodon":{"url":"https:\/\/pubeurope.com\/@de\/114764671128890727","error":""},"_links":{"self":[{"href":"https:\/\/www.europesays.com\/de\/wp-json\/wp\/v2\/posts\/227659","targetHints":{"allow":["GET"]}}],"collection":[{"href":"https:\/\/www.europesays.com\/de\/wp-json\/wp\/v2\/posts"}],"about":[{"href":"https:\/\/www.europesays.com\/de\/wp-json\/wp\/v2\/types\/post"}],"author":[{"embeddable":true,"href":"https:\/\/www.europesays.com\/de\/wp-json\/wp\/v2\/users\/2"}],"replies":[{"embeddable":true,"href":"https:\/\/www.europesays.com\/de\/wp-json\/wp\/v2\/comments?post=227659"}],"version-history":[{"count":0,"href":"https:\/\/www.europesays.com\/de\/wp-json\/wp\/v2\/posts\/227659\/revisions"}],"wp:featuredmedia":[{"embeddable":true,"href":"https:\/\/www.europesays.com\/de\/wp-json\/wp\/v2\/media\/227660"}],"wp:attachment":[{"href":"https:\/\/www.europesays.com\/de\/wp-json\/wp\/v2\/media?parent=227659"}],"wp:term":[{"taxonomy":"category","embeddable":true,"href":"https:\/\/www.europesays.com\/de\/wp-json\/wp\/v2\/categories?post=227659"},{"taxonomy":"post_tag","embeddable":true,"href":"https:\/\/www.europesays.com\/de\/wp-json\/wp\/v2\/tags?post=227659"}],"curies":[{"name":"wp","href":"https:\/\/api.w.org\/{rel}","templated":true}]}}