{"id":228298,"date":"2025-06-29T10:07:14","date_gmt":"2025-06-29T10:07:14","guid":{"rendered":"https:\/\/www.europesays.com\/de\/228298\/"},"modified":"2025-06-29T10:07:14","modified_gmt":"2025-06-29T10:07:14","slug":"urlauber-aufgepasst-virus-zieht-sich-durch-europa","status":"publish","type":"post","link":"https:\/\/www.europesays.com\/de\/228298\/","title":{"rendered":"Urlauber aufgepasst! Virus zieht sich durch Europa"},"content":{"rendered":"<p>In den ersten Bundesl\u00e4ndern in Deutschland haben bereits die Sommerferien begonnen \u2013 und damit auch die Urlaubszeit. Statt Entspannung pur m\u00fcssen Urlauber in Europa nun allerdings Vorsicht walten lassen, denn ein Virus ist aktuell im Umlauf und hat sogar schon einige Todesf\u00e4lle verursacht.<\/p>\n<p>Die Viruserkrankung Hepatitis-A nimmt in Mitteleuropa zu. Besonders in \u00d6sterreich, Tschechien, Ungarn und der Slowakei breitet sich die Infektion derzeit ungew\u00f6hnlich schnell aus. <\/p>\n<p>Das European Centre for Disease Prevention and Control (ECDC) meldete in zwei der L\u00e4nder \u2013 ausgerechnet Deutschlands Nachbarl\u00e4nder \u00d6sterreich und Tschechien \u2013 mittlerweile sogar Todesf\u00e4lle, die im Zusammenhang mit der Hepatitis-A-Infektion stehen. Die Zahlen sorgen auch bei <a href=\"https:\/\/www.derwesten.de\/themen\/urlaub\" target=\"_blank\" rel=\"noopener\">Urlaubern<\/a> f\u00fcr Besorgnis.<\/p>\n<p>Urlaub in Europa: Virus breitet sich aus<\/p>\n<p>In \u00d6sterreich meldete das ECDC drei Todesf\u00e4lle, in Tschechien sogar sechs. Zwischen Januar und Mai 2025 wurden in den genannten L\u00e4ndern, die auch beliebte Urlaubs-L\u00e4nder der Deutschen sind, insgesamt 2097 F\u00e4lle registriert, wovon 880 in der Slowakei, 600 in Tschechien, 530 in Ungarn und 87 in \u00d6sterreich gemeldet wurden.<\/p>\n<p><img loading=\"lazy\" decoding=\"async\" width=\"480\" height=\"160\" src=\"https:\/\/www.europesays.com\/de\/wp-content\/uploads\/2025\/04\/der-westen-klart-auf-logo-1.jpg\" alt=\"\" class=\"wp-image-301306527\"  \/><\/p>\n<p><strong>Dein Newsletter mit spannenden Verbraucher-Themen<\/strong><\/p>\n<ul>\n<li>Clever gespart &amp; gut informiert<\/li>\n<li>News zu Einkaufen, Reisen, Geld<\/li>\n<li>Experten-Tipps von Ron Perduss<\/li>\n<li>Einmal pro Woche per Mail<\/li>\n<\/ul>\n<p>Das Hepatitis-A-Virus (HAV) verursacht eine akute Entz\u00fcndung der Leber, wobei das Risiko f\u00fcr schwere Krankheitsverl\u00e4ufe mit zunehmenden Alter erheblich h\u00f6her ist. Besonders Menschen mit Vorerkrankungen der Leber und Personen ab 40 Jahren sind gef\u00e4hrdet.<\/p>\n<p>+++<a href=\"https:\/\/www.derwesten.de\/panorama\/vermischtes\/urlaub-tuerkei-buchen-mit-kindern-teuer-all-inclusive-fuer-angeboten-id301543387.html\" target=\"_blank\" rel=\"noopener\">Urlaub in der T\u00fcrkei: Jetzt warnen sogar Reiseveranstalter<\/a>+++<\/p>\n<p>Auch in Deutschland wurden in den letzten Monaten insgesamt drei Hepatitis-A-F\u00e4lle gemeldet, wovon zwei bei Drogenkonsumenten waren. Es werde derzeit allerdings nicht erwartet, dass sich das Virus auch innerhalb Deutschlands ausbreitet, so \u201e<a href=\"https:\/\/www.merkur.de\/welt\/schwere-krankheitswelle-trifft-europa-todesfaelle-in-oesterreich-und-tschechien-zr-93807551.html?utm_source=cleverpush&amp;utm_medium=push&amp;utm_campaign=webpush&amp;utm_term=&amp;utm_content=%5BTITEL%5D#?cleverPushBounceUrl=https%3A%2F%2Fwww.merkur.de&amp;cleverPushNotificationId=rJeWJBsBWkAa3nH3z&amp;cleverPushBounceDevice=mobile\" target=\"_blank\" rel=\"noopener\">Merkur<\/a>\u201e. Es sind zwei eng verwandte Hepatitis-A-Virus-St\u00e4mme, die sich in den betroffenen L\u00e4ndern ausbreiten, wie genetische Analysen zeigen. Die Virus-St\u00e4mme breiten sich grenz\u00fcberschreitend aus, insbesondere innerhalb sozial verbundenen Gruppen. <\/p>\n<p>Diese Menschen sind betroffen<\/p>\n<p>Betroffen sind vor allem Erwachsene in prek\u00e4ren Lebensverh\u00e4ltnissen. Die \u00dcbertragung des Virus erfolgt in der Regel f\u00e4kal-oral \u2013 also durch den Kontakt mit verunreinigtem Wasser, Lebensmitteln, infizierten Stuhlresten, engem K\u00f6rperkontakt oder sexuellem Kontakt. <\/p>\n<p>So sind besonders Personen, die keinen festen Wohnsitz haben, Drogen konsumieren oder nur eingeschr\u00e4nkt Zugang zu sauberem Wasser und sanit\u00e4ren Einrichtungen haben, gef\u00e4hrdet. In Tschechien und der Slowakei sind auch Mitglieder der Roma-Gemeinschaften \u00fcberdurchschnittlich betroffen.<\/p>\n<p>Mehr News:<\/p>\n<p>Hepatitis-A verursacht Fieber, M\u00fcdigkeit und \u00dcbelkeit sowie Gelbsucht, eine Gelbf\u00e4rbung der Haut und Augen. Wie die aktuellen Todesf\u00e4lle in den beliebten Urlaubs- und deutschen Nachbarl\u00e4ndern zeigen, kann die Krankheit in schweren F\u00e4llen zum Tod f\u00fchren.<\/p>\n","protected":false},"excerpt":{"rendered":"In den ersten Bundesl\u00e4ndern in Deutschland haben bereits die Sommerferien begonnen \u2013 und damit auch die Urlaubszeit. Statt&hellip;\n","protected":false},"author":2,"featured_media":228299,"comment_status":"","ping_status":"","sticky":false,"template":"","format":"standard","meta":{"footnotes":""},"categories":[3933],"tags":[331,332,548,663,158,3934,3935,13,14,15,12,631],"class_list":{"0":"post-228298","1":"post","2":"type-post","3":"status-publish","4":"format-standard","5":"has-post-thumbnail","7":"category-eu","8":"tag-aktuelle-nachrichten","9":"tag-aktuelle-news","10":"tag-eu","11":"tag-europa","12":"tag-europaeische-union","13":"tag-europe","14":"tag-european-union","15":"tag-headlines","16":"tag-nachrichten","17":"tag-news","18":"tag-schlagzeilen","19":"tag-urlaub"},"share_on_mastodon":{"url":"https:\/\/pubeurope.com\/@de\/114766102160235460","error":""},"_links":{"self":[{"href":"https:\/\/www.europesays.com\/de\/wp-json\/wp\/v2\/posts\/228298","targetHints":{"allow":["GET"]}}],"collection":[{"href":"https:\/\/www.europesays.com\/de\/wp-json\/wp\/v2\/posts"}],"about":[{"href":"https:\/\/www.europesays.com\/de\/wp-json\/wp\/v2\/types\/post"}],"author":[{"embeddable":true,"href":"https:\/\/www.europesays.com\/de\/wp-json\/wp\/v2\/users\/2"}],"replies":[{"embeddable":true,"href":"https:\/\/www.europesays.com\/de\/wp-json\/wp\/v2\/comments?post=228298"}],"version-history":[{"count":0,"href":"https:\/\/www.europesays.com\/de\/wp-json\/wp\/v2\/posts\/228298\/revisions"}],"wp:featuredmedia":[{"embeddable":true,"href":"https:\/\/www.europesays.com\/de\/wp-json\/wp\/v2\/media\/228299"}],"wp:attachment":[{"href":"https:\/\/www.europesays.com\/de\/wp-json\/wp\/v2\/media?parent=228298"}],"wp:term":[{"taxonomy":"category","embeddable":true,"href":"https:\/\/www.europesays.com\/de\/wp-json\/wp\/v2\/categories?post=228298"},{"taxonomy":"post_tag","embeddable":true,"href":"https:\/\/www.europesays.com\/de\/wp-json\/wp\/v2\/tags?post=228298"}],"curies":[{"name":"wp","href":"https:\/\/api.w.org\/{rel}","templated":true}]}}