{"id":228954,"date":"2025-06-29T15:52:20","date_gmt":"2025-06-29T15:52:20","guid":{"rendered":"https:\/\/www.europesays.com\/de\/228954\/"},"modified":"2025-06-29T15:52:20","modified_gmt":"2025-06-29T15:52:20","slug":"50-jahre-leinfelden-echterdingen-beim-jubilaeumsfest-herrscht-partylaune-startseite","status":"publish","type":"post","link":"https:\/\/www.europesays.com\/de\/228954\/","title":{"rendered":"50 Jahre Leinfelden-Echterdingen: Beim Jubil\u00e4umsfest herrscht Partylaune &#8211; Startseite"},"content":{"rendered":"\n<p>Am Stand von Belle Moustache gab es beeindruckende B\u00e4rte zu bewundern. Unter den rund 25 aktiven Mitgliedern gebe es 16 Weltmeister, die insgesamt schon 36 Titel errungen h\u00e4tten, berichtet der Schriftf\u00fchrer des Vereins, Erwin Butsch. Und es ist gut m\u00f6glich, dass die Liste der Titel schon bald noch l\u00e4nger wird. Bereits kommende Woche gehe es zur n\u00e4chsten Weltmeisterschaft in die USA. Einige Meter weiter bot der ADFC ein Mini-Fahrrad und ein Zweirad mit einer m\u00e4chtigen Unwucht in der Felge zum Ausprobieren an \u2013 ein Spa\u00df f\u00fcr Gro\u00df und Klein. <\/p>\n<p>Kinder sind von der Feuerwehr begeistert <\/p>\n<p>Die \u00f6rtliche Feuerwehr zeigte ihre Technik, was vor allem bei den j\u00fcngeren Besuchern f\u00fcr staunende Blicke sorgte. Am elektrischen Spreizer und Schneider durften die Kleinen sogar selbst Hand anlegen und kleine Holzst\u00fcckchen unter der Aufsicht der Feuerwehrleute Nadine Kaiser und Fabio Sautter zerdr\u00fccken. \u201eMan bekommt rasch ein Gef\u00fchl f\u00fcr das Ger\u00e4t\u201c, erkl\u00e4rt der Truppf\u00fchrer Tim Friedemann. Im Einsatz werde der Spreizer und Schneider vor allem bei technischer Hilfeleistung, beispielsweise f\u00fcr das Befreien eingeschlossener Menschen in einem Unfallfahrzeug, eingesetzt, wie er ausf\u00fchrt. Ganz uneigenn\u00fctzig ist die Mitmachaktion aber nicht, erg\u00e4nzte Nadine Kaiser augenzwinkernd. Vielleicht begeistere sich der eine oder andere junge Besucher f\u00fcr die Kindergruppe der Feuerwehr, die \u201ePeppers\u201c, meinte sie. <\/p>\n<p>Die Walking Acts zogen viele Blicke auf sich. Die riesige, handgesteuerte Lichtpuppe Dundu, die als Symbol f\u00fcr Kreativit\u00e4t und Gemeinschaft durch die Stra\u00dfe und \u00fcber die K\u00f6pfe der Besucher schwebte, sorgte immer wieder f\u00fcr staunende Blicke. Dundu steht f\u00fcr \u201eDu und Du\u201c und soll das Publikum anregen, seine Fantasien, Sehns\u00fcchte und Hoffnungen auf den Giganten zu projizieren. Ein wesentlicher Beitrag zur imposanten Erscheinung war die kraftvolle offene, flexible Klangwelt, in welcher sich die Figur bewegte. <\/p>\n<p>Die Besucher lie\u00dfen sich auch von den hohen Temperaturen nicht von einem Besuch des Stadtfestes abhalten. Nichtsdestotrotz wurden die Sitzgelegenheiten im Schatten sowie die angebotenen Getr\u00e4nke gerne angenommen. Ernsthafte Probleme hat es zumindest bis zum Samstagnachmittag aber nicht gegeben, wie die DRK-Bereitschaftsleiterin Verena Dolde berichtet. \u201eWir haben mit Kreislaufproblemen gerechnet\u201c, sagt sie. Im DRK-Zelt standen Liegen bereit. Zehn Freiwillige waren \u00fcber das Wochenende im Einsatz \u2013 vom Sanit\u00e4ter \u00fcber Rettungshelfer, Rettungssanit\u00e4ter, Notfallsanit\u00e4ter bis zum Notarzt. F\u00fcr die hei\u00dfen Tage empfiehlt die DRK-Bereitschaftsleiterin Dolde, viel zu trinken, Schatten zu suchen, Pausen zu machen und einen Sonnenschutz f\u00fcr die Haut aufzutragen. <\/p>\n<p>Am Samstagabend trat Volxx Liga im gro\u00dfen Festzelt auf und unterhielt die G\u00e4ste mit bierzelttauglicher Feier- und Stimmungsmusik. Als weiterer H\u00f6hepunkt waren im gro\u00dfen Festzelt am Sonntag die SWR Big Band All Stars mit der S\u00e4ngerin Fola Dada angek\u00fcndigt. Jazz, Latin und Funk standen auf dem Programm. Dar\u00fcber hinaus nutzten viele \u00f6rtliche Musikvereine die Festb\u00fchnen f\u00fcr einen Auftritt. Die Daimler Truck-B\u00fchne stand ebenfalls die musikalische Unterhaltung im Mittelpunkt, mit dem Fokus auf lokale Akteure und Ensembles. <\/p>\n<p> Vielfalt und Begegnung werden beim <a href=\"https:\/\/www.krzbb.de\/thema\/Stadtfest\" title=\"Stadtfest\" class=\"art_thema\" rel=\"nofollow noopener\" target=\"_blank\">Stadtfest<\/a> gro\u00df geschrieben <\/p>\n<p>Beim neuen Jugendhaus Areal, genauer auf der dortigen \u201eNext-Level-B\u00fchne\u201c in den neuen Schelmen\u00e4ckern sorgten die \u00f6rtlichen Jugendh\u00e4user f\u00fcr ein buntes Programm mit Bands, aber auch mit Skaten, Sprayen und Theater. Die Besucher genossen das B\u00fchnenprogramm in entspannter Atmosph\u00e4re auf den Treppen vor dem Jugendhaus. <a href=\"https:\/\/www.krzbb.de\/inhalt.jubilaeum-in-leinfelden-echterdingen-sicherheit-beim-stadtjubilaeum.405c540c-6332-4c65-bc76-4e6ac8e78132.html\" target=\"_blank\" rel=\"nofollow noopener\">Auch an die Sicherheit wurde gedacht<\/a>. Massive Durchfahrtsperren waren an den Zugangsstra\u00dfen zum Festgel\u00e4nde aufgestellt, dass alle Besucherinnen und Besucher das <a href=\"https:\/\/www.krzbb.de\/thema\/Fest\" title=\"Fest\" class=\"art_thema\" rel=\"nofollow noopener\" target=\"_blank\">Fest<\/a> unbeschwert genie\u00dfen konnten. <\/p>\n<p>Eines wurde bereits am Samstag deutlich, das gro\u00dfe Jubil\u00e4umsfest war ein Fest der Begegnung, das die Vielfalt, den Zusammenhalt und die Lebensfreude der Stadt sichtbar und sp\u00fcrbar machte. Die Beteiligung der zahlreichen Vereine, das Engagement der Ehrenamtlichen und die Begeisterung der Besucherinnen und Besucher haben gezeigt, wie lebendig und zukunftsf\u00e4hig <a href=\"https:\/\/www.krzbb.de\/thema\/Leinfelden-Echterdingen\" title=\"Leinfelden-Echterdingen\" class=\"art_thema\" rel=\"nofollow noopener\" target=\"_blank\">Leinfelden-Echterdingen<\/a> trotz aller aktueller Herausforderungen ist. <\/p>\n<p> Wie Wurzeln reichen bis in die Jungsteinzeit <\/p>\n<p class=\"infobox\"> <strong>Geschichte<\/strong><br \/>Nat\u00fcrlich sind die einzelnen Teilorte Leinfelden-Echterdingens viel \u00e4lter als 50 Jahre. Die nachgewiesenen Reste erster menschlicher Siedlungen auf dem heutigen Stadtgebiet sind sogar 7000 Jahre alt, stammen also aus der Jungsteinzeit. 1185 wird Echterdingen erstmals urkundlich erw\u00e4hnt. Musberg und Stetten werden in einer p\u00e4pstlichen Urkunde von 1229 und Leinfelden im Jahr 1269 genannt. <\/p>\n<p class=\"infobox\"> <strong><a href=\"https:\/\/www.krzbb.de\/thema\/Jubil%C3%A4um\" title=\"Jubil\u00e4um\" class=\"art_thema\" rel=\"nofollow noopener\" target=\"_blank\">Jubil\u00e4um<\/a><\/strong><br \/>Im Zuge der Gemeindereform schlossen sich am 1. Januar 1975 Echterdingen, Leinfelden, Musberg und Stetten zur neuen Stadt Leinfelden-Echterdingen zusammen. 1976 wurde sie zur Gro\u00dfen Kreisstadt erhoben. Das jetzige gro\u00dfe Jubil\u00e4um bezieht sich auf den Zusammenschluss aus dem Jahr der Gemeindereform. <\/p>\n<p class=\"infobox\"> <strong>Historische Pfade<\/strong><br \/>Wer mehr \u00fcber die Stadtgeschichte erfahren m\u00f6chte, kann die Historischen Pfade in Leinfelden, Oberaichen, Unteraichen, Stetten und Echterdingen begehen. Auf den Wegen informieren Tafeln \u00fcber interessante Aspekte zur Geschichte des Ortes. Au\u00dferdem gibt es einen rund drei Kilometer langen geschichtlichen Lehrpfad im Echterdinger Stadtwald. <\/p>\n","protected":false},"excerpt":{"rendered":"Am Stand von Belle Moustache gab es beeindruckende B\u00e4rte zu bewundern. Unter den rund 25 aktiven Mitgliedern gebe&hellip;\n","protected":false},"author":2,"featured_media":228955,"comment_status":"","ping_status":"","sticky":false,"template":"","format":"standard","meta":{"footnotes":""},"categories":[1830],"tags":[26359,1634,3364,29,17445,9716,30,3009,3438,9714,1441],"class_list":{"0":"post-228954","1":"post","2":"type-post","3":"status-publish","4":"format-standard","5":"has-post-thumbnail","7":"category-stuttgart","8":"tag-stadtfest","9":"tag-baden-wuerttemberg","10":"tag-de","11":"tag-deutschland","12":"tag-fest","13":"tag-filderpost","14":"tag-germany","15":"tag-jubilaeum","16":"tag-landkreis-esslingen","17":"tag-leinfelden-echterdingen","18":"tag-stuttgart"},"share_on_mastodon":{"url":"https:\/\/pubeurope.com\/@de\/114767458623726536","error":""},"_links":{"self":[{"href":"https:\/\/www.europesays.com\/de\/wp-json\/wp\/v2\/posts\/228954","targetHints":{"allow":["GET"]}}],"collection":[{"href":"https:\/\/www.europesays.com\/de\/wp-json\/wp\/v2\/posts"}],"about":[{"href":"https:\/\/www.europesays.com\/de\/wp-json\/wp\/v2\/types\/post"}],"author":[{"embeddable":true,"href":"https:\/\/www.europesays.com\/de\/wp-json\/wp\/v2\/users\/2"}],"replies":[{"embeddable":true,"href":"https:\/\/www.europesays.com\/de\/wp-json\/wp\/v2\/comments?post=228954"}],"version-history":[{"count":0,"href":"https:\/\/www.europesays.com\/de\/wp-json\/wp\/v2\/posts\/228954\/revisions"}],"wp:featuredmedia":[{"embeddable":true,"href":"https:\/\/www.europesays.com\/de\/wp-json\/wp\/v2\/media\/228955"}],"wp:attachment":[{"href":"https:\/\/www.europesays.com\/de\/wp-json\/wp\/v2\/media?parent=228954"}],"wp:term":[{"taxonomy":"category","embeddable":true,"href":"https:\/\/www.europesays.com\/de\/wp-json\/wp\/v2\/categories?post=228954"},{"taxonomy":"post_tag","embeddable":true,"href":"https:\/\/www.europesays.com\/de\/wp-json\/wp\/v2\/tags?post=228954"}],"curies":[{"name":"wp","href":"https:\/\/api.w.org\/{rel}","templated":true}]}}