{"id":229010,"date":"2025-06-29T16:22:09","date_gmt":"2025-06-29T16:22:09","guid":{"rendered":"https:\/\/www.europesays.com\/de\/229010\/"},"modified":"2025-06-29T16:22:09","modified_gmt":"2025-06-29T16:22:09","slug":"auto-faehrt-in-personengruppe-so-geht-es-den-verletzten-am-tag-danach","status":"publish","type":"post","link":"https:\/\/www.europesays.com\/de\/229010\/","title":{"rendered":"Auto f\u00e4hrt in Personengruppe \u2013so geht es den Verletzten am Tag danach"},"content":{"rendered":"<p class=\"text_ohne_einzug richtext text-em-55 !leading-serif mx-6 desktop:mx-0\"> An Tag 1 nach dem Vorfall, der <a href=\"https:\/\/rp-online.de\/thema\/krefeld\/\" rel=\"nofollow noopener\" target=\"_blank\">Krefeld<\/a> seit Samstagabend bewegt, liegen keine Blumen an der Stelle, an der ein Auto in eine Fu\u00dfg\u00e4ngergruppe fuhr und f\u00fcnf Menschen zum Teil schwer verletzte. Am Sonntag korrigierte die <a href=\"https:\/\/rp-online.de\/thema\/polizei\/\" rel=\"nofollow noopener\" target=\"_blank\">Polizei<\/a> die Zahl der Verletzten auf vier \u2013 ein Schock ist nichts k\u00f6rperliches. Den soll die 21-j\u00e4hrige Mutter von zwei Kleinkindern erlitten haben, als der wei\u00dfe <a href=\"https:\/\/rp-online.de\/thema\/peugeot\/\" rel=\"nofollow noopener\" target=\"_blank\">Peugeot<\/a> 208 ihre beiden Kinder, ein und zwei Jahre alt, anfuhr, ebenso ihren 25-j\u00e4hrigen Ehemann und die 52-j\u00e4hrige Gro\u00dfmutter der beiden Kleinkinder verletzte.<\/p>\n","protected":false},"excerpt":{"rendered":"An Tag 1 nach dem Vorfall, der Krefeld seit Samstagabend bewegt, liegen keine Blumen an der Stelle, an&hellip;\n","protected":false},"author":2,"featured_media":227307,"comment_status":"","ping_status":"","sticky":false,"template":"","format":"standard","meta":{"footnotes":"","_share_on_mastodon":"0"},"categories":[5],"tags":[15910,513,4731,35953,13,259,3479,33800,14,15,7014,40174,12,10,8,9,11,5185,14733],"class_list":["post-229010","post","type-post","status-publish","format-standard","has-post-thumbnail","category-nachrichten","tag-abend","tag-auto","tag-fahrer","tag-fluechtete","tag-headlines","tag-informationen","tag-krefeld","tag-menschenmenge","tag-nachrichten","tag-news","tag-redaktion","tag-samstagabend","tag-schlagzeilen","tag-top-news","tag-top-meldungen","tag-topmeldungen","tag-topnews","tag-verletzt","tag-vorfall"],"share_on_mastodon":{"url":"https:\/\/pubeurope.com\/@de\/114767576703676775","error":""},"_links":{"self":[{"href":"https:\/\/www.europesays.com\/de\/wp-json\/wp\/v2\/posts\/229010","targetHints":{"allow":["GET"]}}],"collection":[{"href":"https:\/\/www.europesays.com\/de\/wp-json\/wp\/v2\/posts"}],"about":[{"href":"https:\/\/www.europesays.com\/de\/wp-json\/wp\/v2\/types\/post"}],"author":[{"embeddable":true,"href":"https:\/\/www.europesays.com\/de\/wp-json\/wp\/v2\/users\/2"}],"replies":[{"embeddable":true,"href":"https:\/\/www.europesays.com\/de\/wp-json\/wp\/v2\/comments?post=229010"}],"version-history":[{"count":0,"href":"https:\/\/www.europesays.com\/de\/wp-json\/wp\/v2\/posts\/229010\/revisions"}],"wp:featuredmedia":[{"embeddable":true,"href":"https:\/\/www.europesays.com\/de\/wp-json\/wp\/v2\/media\/227307"}],"wp:attachment":[{"href":"https:\/\/www.europesays.com\/de\/wp-json\/wp\/v2\/media?parent=229010"}],"wp:term":[{"taxonomy":"category","embeddable":true,"href":"https:\/\/www.europesays.com\/de\/wp-json\/wp\/v2\/categories?post=229010"},{"taxonomy":"post_tag","embeddable":true,"href":"https:\/\/www.europesays.com\/de\/wp-json\/wp\/v2\/tags?post=229010"}],"curies":[{"name":"wp","href":"https:\/\/api.w.org\/{rel}","templated":true}]}}