{"id":229128,"date":"2025-06-29T17:29:10","date_gmt":"2025-06-29T17:29:10","guid":{"rendered":"https:\/\/www.europesays.com\/de\/229128\/"},"modified":"2025-06-29T17:29:10","modified_gmt":"2025-06-29T17:29:10","slug":"jan-boehmermann-kuendigt-ausstellung-in-berlin-an","status":"publish","type":"post","link":"https:\/\/www.europesays.com\/de\/229128\/","title":{"rendered":"Jan B\u00f6hmermann k\u00fcndigt Ausstellung in Berlin an"},"content":{"rendered":"<p class=\"tspB2l4 tspB2l5\">Vom 27. September bis 19. Oktober will <a href=\"https:\/\/www.tagesspiegel.de\/kultur\/im-zdf-magazin-royale-jan-bohmermann-enthullt-identitat-des-rechten-youtubers-clownswelt-13673218.html?icid=in-text-link_13937140\" class=\"link link--internal\" data-gtm-class=\"article-text-link\" data-gtm-val=\"internal\" target=\"_blank\" rel=\"noopener\">Jan B\u00f6hmermann<\/a> im <a href=\"https:\/\/www.tagesspiegel.de\/kultur\/ausstellung-uber-das-reisen-und-ankommen-im-hkw-die-wege-von-menschen-farben-und-formen-13404883.html?icid=in-text-link_13937140\" class=\"link link--internal\" data-gtm-class=\"article-text-link\" data-gtm-val=\"internal\" target=\"_blank\" rel=\"noopener\">Haus der Kulturen der Welt<\/a> in Berlin eine Ausstellung mit dem Titel \u201eDie M\u00f6glichkeit der Unvernunft\u201c zeigen. Das gab der Moderator in der neuesten Ausgabe des Podcasts \u201eFest und Flauschig\u201c bekannt, den er zusammen mit dem Musiker und Entertainer <a href=\"https:\/\/www.tagesspiegel.de\/berlin\/musiker-und-entertainer-olli-schulz-an-der-comedy-ware-ich-auf-dauer-zerbrochen-11135485.html?icid=in-text-link_13937140\" class=\"link link--internal\" data-gtm-class=\"article-text-link\" data-gtm-val=\"internal\" target=\"_blank\" rel=\"noopener\">Olli Schulz<\/a> bei Spotify moderiert. <\/p>\n<p><a href=\"https:\/\/www.tagesspiegel.de\/berlin\/jetzt-newsletter-kostenlos-abonnieren-tagesspiegel-checkpoint-liefert-alle-informationen-rund-um-die-wiederholungswahl-9226278.html?icid=single-topic_13937140___\" data-gtm-class=\"article-mzt-link\" class=\"tspB8mm\" target=\"_blank\" rel=\"noopener\">Jetzt Newsletter kostenlos abonnieren: \u201eTagesspiegel Checkpoint\u201c liefert alle Informationen rund um die Wiederholungswahl <\/a><\/p>\n<p class=\"tspB2l4\">\u201eEs passiert so viel und alles ist so ernst und so unangenehm, dass man irgendwie ein Ventil braucht und das muss unernst sein\u201c, erkl\u00e4rte B\u00f6hmermann und begr\u00fcndete die Wahl f\u00fcr das HKW als Ausstellungsort unter anderem mit der \u00f6rtlichen N\u00e4he zum Schloss Bellevue, dem Reichstag und dem Kanzleramt sowie der Tatsache, dass das Geb\u00e4ude 1957 als Symbol f\u00fcr die deutsch-amerikanische Verbundenheit und freiheitlichen Gedankenaustausch erbaut wurde. Es sei klug, die \u201eLuft der Welt\u201c an einem Ort rauszulassen, der wichtig sei, so B\u00f6hmermann. <\/p>\n<p><a href=\"https:\/\/www.tagesspiegel.de\/kultur\/wolfram-weimer-im-kulturkampfgetummel-schlag-die-linke-13807900.html?icid=single-topic_13937140___\" data-gtm-class=\"article-mzt-link\" class=\"tspB8mm\" target=\"_blank\" rel=\"noopener\">Wolfram Weimer im Kulturkampfget\u00fcmmel Sehschwach auf dem rechten Auge <\/a><\/p>\n<p class=\"tspB2l4\">Das Projekt sei \u201ejahrelang vorbereitet\u201c worden, konzipiert habe er es mit Kolleginnen und Kollegen seiner Fernsehsendung \u201eZDF Magazin Royale\u201c, wie schon Ausstellungen 2017 im NRW Forum in D\u00fcsseldorf und 2019 im K\u00fcnstlerhaus in Graz. <\/p>\n<p> Inspiration von Wolfram Weimer <\/p>\n<p class=\"tspB2l4\">Als Leitgedanke von \u201eDie M\u00f6glichkeit der Unvernunft\u201c definierte der Moderator: \u201eEs geht darum, die Korridore des Sagbaren, des Denkbaren und Erkundbaren zu weiten, statt sie zu verengen.\u201c Der Satz stammt aus einem <a href=\"https:\/\/www.sueddeutsche.de\/kultur\/kunstfreiheit-wolfram-weimer-kulturstaatsminister-lux.LiwiHQvhf2SvU8h4waXNth?reduced=true\" target=\"_blank\" rel=\"noopener\" class=\"link link--external\" data-gtm-class=\"article-text-link\" data-gtm-val=\"external\" aria-describedby=\"message-target-blank\">Gastbeitrag<\/a> des Kulturstaatsministers Wolfram Weimer in der S\u00fcddeutschen Zeitung, \u00fcber den sich B\u00f6hmermann in einer fr\u00fcheren Podcast- Ausgabe bereits negativ ge\u00e4u\u00dfert hatte. Sein Kollege Schulz erkannte das Zitat offenbar nicht sofort und kommentierte: \u201eSorry, aber das klingt ehrlich gesagt so wie jede Kunstausstellung\u201c.<\/p>\n<p class=\"tspUez\">Empfohlener redaktioneller Inhalt<\/p>\n<p> An dieser Stelle finden Sie einen von unseren Redakteuren ausgew\u00e4hlten, externen Inhalt, der den Artikel f\u00fcr Sie mit zus\u00e4tzlichen Informationen anreichert. Sie k\u00f6nnen sich hier den externen Inhalt mit einem Klick anzeigen lassen oder wieder ausblenden. <\/p>\n<p> Externen Inhalt anzeigen <\/p>\n<p class=\"tspUe5\"> Ich bin damit einverstanden, dass mir der externe Inhalt angezeigt wird. Damit k\u00f6nnen personenbezogene Daten an Drittplattformen \u00fcbermittelt werden.  Mehr Informationen dazu erhalten Sie in den Datenschutz-Einstellungen. Diese finden Sie ganz unten auf unserer Seite im Footer, sodass Sie Ihre Einstellungen jederzeit verwalten oder widerrufen k\u00f6nnen. <\/p>\n<p><a href=\"https:\/\/www.tagesspiegel.de\/kultur\/wovon-traumen-wir-eigentlich-ein-tag-mit-der-neuen-prasidentin-der-stiftung-preussischer-kulturbesitz-13900945.html?icid=topic-list_13937140___\" data-gtm-class=\"article-mzt-link\" class=\"tspB8mm\" target=\"_blank\" rel=\"noopener\">\u201eWovon tr\u00e4umen wir eigentlich?\u201c Ein Tag mit der neuen Pr\u00e4sidentin der Stiftung Preu\u00dfischer Kulturbesitz <\/a><a href=\"https:\/\/www.tagesspiegel.de\/politik\/fuhle-mich-sozialdemokraten-und-grunen-viel-naher-kulturstaatsminister-weimer-appelliert-an-zusammenhalt-in-politischer-mitte-13837906.html?icid=topic-list_13937140___\" data-gtm-class=\"article-mzt-link\" class=\"tspB8mm\" target=\"_blank\" rel=\"noopener\">\u201eF\u00fchle mich Sozialdemokraten und Gr\u00fcnen viel n\u00e4her\u201c Kulturstaatsminister Weimer appelliert an Zusammenhalt in politischer Mitte <\/a><\/p>\n<p class=\"tspB2l4\">Karten f\u00fcr die Ausstellung sollen laut B\u00f6hmermann ab dem 30. Juni erh\u00e4ltlich sein, das HKW war am Sonntagabend f\u00fcr eine Stellungnahme nicht zu erreichen. <\/p>\n","protected":false},"excerpt":{"rendered":"Vom 27. September bis 19. Oktober will Jan B\u00f6hmermann im Haus der Kulturen der Welt in Berlin eine&hellip;\n","protected":false},"author":2,"featured_media":102313,"comment_status":"","ping_status":"","sticky":false,"template":"","format":"standard","meta":{"footnotes":""},"categories":[1825],"tags":[296,29,30,12566,525,2043,3866],"class_list":{"0":"post-229128","1":"post","2":"type-post","3":"status-publish","4":"format-standard","5":"has-post-thumbnail","7":"category-berlin","8":"tag-berlin","9":"tag-deutschland","10":"tag-germany","11":"tag-jan-boehmermann","12":"tag-mitte","13":"tag-podcast","14":"tag-veranstaltungen"},"share_on_mastodon":{"url":"https:\/\/pubeurope.com\/@de\/114767840328177599","error":""},"_links":{"self":[{"href":"https:\/\/www.europesays.com\/de\/wp-json\/wp\/v2\/posts\/229128","targetHints":{"allow":["GET"]}}],"collection":[{"href":"https:\/\/www.europesays.com\/de\/wp-json\/wp\/v2\/posts"}],"about":[{"href":"https:\/\/www.europesays.com\/de\/wp-json\/wp\/v2\/types\/post"}],"author":[{"embeddable":true,"href":"https:\/\/www.europesays.com\/de\/wp-json\/wp\/v2\/users\/2"}],"replies":[{"embeddable":true,"href":"https:\/\/www.europesays.com\/de\/wp-json\/wp\/v2\/comments?post=229128"}],"version-history":[{"count":0,"href":"https:\/\/www.europesays.com\/de\/wp-json\/wp\/v2\/posts\/229128\/revisions"}],"wp:featuredmedia":[{"embeddable":true,"href":"https:\/\/www.europesays.com\/de\/wp-json\/wp\/v2\/media\/102313"}],"wp:attachment":[{"href":"https:\/\/www.europesays.com\/de\/wp-json\/wp\/v2\/media?parent=229128"}],"wp:term":[{"taxonomy":"category","embeddable":true,"href":"https:\/\/www.europesays.com\/de\/wp-json\/wp\/v2\/categories?post=229128"},{"taxonomy":"post_tag","embeddable":true,"href":"https:\/\/www.europesays.com\/de\/wp-json\/wp\/v2\/tags?post=229128"}],"curies":[{"name":"wp","href":"https:\/\/api.w.org\/{rel}","templated":true}]}}