{"id":229445,"date":"2025-06-29T20:33:12","date_gmt":"2025-06-29T20:33:12","guid":{"rendered":"https:\/\/www.europesays.com\/de\/229445\/"},"modified":"2025-06-29T20:33:12","modified_gmt":"2025-06-29T20:33:12","slug":"ffw-schwalmtal-wohnungsbrand-in-mehrfamilienhaus-kuechenbrand-schnell-unter-kontrolle","status":"publish","type":"post","link":"https:\/\/www.europesays.com\/de\/229445\/","title":{"rendered":"FFW Schwalmtal: Wohnungsbrand in Mehrfamilienhaus &#8211; K\u00fcchenbrand schnell unter Kontrolle"},"content":{"rendered":"<p class=\"date\">29.06.2025 \u2013 21:39<\/p>\n<p class=\"customer\">\n                        <a class=\"story-customer\" title=\"weiter zum newsroom von FFW Gemeinde Schwalmtal\" href=\"https:\/\/www.presseportal.de\/blaulicht\/nr\/170081\" rel=\"nofollow noopener\" target=\"_blank\">FFW Gemeinde Schwalmtal<\/a>\n                    <\/p>\n<p><a class=\"glightbox event-trigger\" href=\"https:\/\/cache.pressmailing.net\/thumbnail\/story_hires\/21665bc3-585d-495b-938b-ccb3a7e5563c\/IMG_8636PR.jpg.jpg\" data-description=\"Foto: Feuerwehr Schwalmtal\" data-category=\"medialightbox\" data-action=\"click\" data-label=\"single\" data-value=\"6861966f270000fd2cd3ebe4\" rel=\"nofollow noopener\" target=\"_blank\"><img decoding=\"async\" height=\"540\" with=\"720\" src=\"https:\/\/www.europesays.com\/de\/wp-content\/uploads\/2025\/06\/ffw-schwalmtal-wohnungsbrand-in-mehrfamilienhaus-k-chenbrand-schnell-unter-kontrolle.jpeg\"   alt=\"FFW Schwalmtal: Wohnungsbrand in Mehrfamilienhaus - K\u00fcchenbrand schnell unter Kontrolle\" class=\"single\"\/><\/a><\/p>\n<p><a data-category=\"citylink-story-view\" data-action=\"click\" data-label=\"Citylink in Meldungsansicht\" class=\"story-city event-trigger\" href=\"https:\/\/www.presseportal.de\/regional\/Schwalmtal\" title=\"News aus Schwalmtal \" rel=\"nofollow noopener\" target=\"_blank\">Schwalmtal<\/a> (ots)<\/p>\n<p>Am Sonntagabend wurde die Feuerwehr Schwalmtal zu einem Brand in einer Erdgeschosswohnung eines Mehrfamilienhauses an der D\u00fclkener Stra\u00dfe alarmiert. Beim Eintreffen der ersten Einsatzkr\u00e4fte war eine deutliche Rauchentwicklung aus dem betroffenen Geb\u00e4udeteil sichtbar.<\/p>\n<p>Ein Trupp unter Atemschutz ging unverz\u00fcglich zur Brandbek\u00e4mpfung in die betroffene Wohnung vor und konnte den Brandherd in der K\u00fcche z\u00fcgig mit einem C-Rohr abl\u00f6schen. Ein zweiter Trupp stand parallel im Au\u00dfenbereich in Bereitstellung. Durch das schnelle und koordinierte Eingreifen der Feuerwehr konnte eine Ausbreitung des Feuers auf weitere Geb\u00e4udeteile wirksam verhindert werden.<\/p>\n<p>Die Bewohner hatten das Geb\u00e4ude bereits vor dem Eintreffen der Feuerwehr eigenst\u00e4ndig verlassen. Sie wurden durch den Rettungsdienst medizinisch betreut, blieben jedoch unverletzt. Die betroffenen Personen der Brandwohnung konnten nach einer kurzen Sichtung an der Einsatzstelle verbleiben.<\/p>\n<p>Nach Abschluss der L\u00f6schma\u00dfnahmen kontrollierten die Einsatzkr\u00e4fte den betroffenen Bereich mit einer W\u00e4rmebildkamera auf verbliebene Glutnester. Im Anschluss wurden umfangreiche Nachl\u00f6scharbeiten durchgef\u00fchrt und das Brandgut aus der Wohnung entfernt. Abschlie\u00dfend f\u00fchrte die Feuerwehr umfangreiche L\u00fcftungsma\u00dfnahmen durch.<\/p>\n<p>Die Kreispolizeibeh\u00f6rde Viersen hat die Ermittlungen zur Brandursache aufgenommen.<\/p>\n<p class=\"contact-headline\">R\u00fcckfragen bitte an:<\/p>\n<p class=\"contact-text\">Freiwillige Feuerwehr Schwalmtal<br \/>Presse- und \u00d6ffentlichkeitsarbeit<br \/>Heerstra\u00dfe 1.<br \/>41366 Schwalmtal<br \/><a target=\"_blank\" class=\"uri-ext outbound\" rel=\"noopener nofollow\" href=\"https:\/\/www.schwalmtal.de\/\">https:\/\/www.schwalmtal.de\/<\/a><\/p>\n<p>F\u00fcr R\u00fcckfragen senden Sie bitte eine E-Mail an: <br \/><a href=\"https:\/\/www.presseportal.de\/blaulicht\/pm\/170081\/mailto: presse@feuerwehr-schwalmtal.de\" class=\"uri-mailto\" rel=\"nofollow noopener\" target=\"_blank\"> presse@feuerwehr-schwalmtal.de<\/a><\/p>\n<p class=\"originator\">Original-Content von: FFW Gemeinde Schwalmtal, \u00fcbermittelt durch news aktuell<\/p>\n","protected":false},"excerpt":{"rendered":"29.06.2025 \u2013 21:39 FFW Gemeinde Schwalmtal Schwalmtal (ots) Am Sonntagabend wurde die Feuerwehr Schwalmtal zu einem Brand in&hellip;\n","protected":false},"author":2,"featured_media":229446,"comment_status":"","ping_status":"","sticky":false,"template":"","format":"standard","meta":{"footnotes":""},"categories":[1849],"tags":[2919,3364,29,548,663,3934,985,30,13,4455,14,15,1209,176,178,180,179,181,12],"class_list":{"0":"post-229445","1":"post","2":"type-post","3":"status-publish","4":"format-standard","5":"has-post-thumbnail","7":"category-moenchengladbach","8":"tag-brand","9":"tag-de","10":"tag-deutschland","11":"tag-eu","12":"tag-europa","13":"tag-europe","14":"tag-feuerwehr","15":"tag-germany","16":"tag-headlines","17":"tag-moenchengladbach","18":"tag-nachrichten","19":"tag-news","20":"tag-nordrhein-westfalen","21":"tag-nrw","22":"tag-presse","23":"tag-pressemeldung","24":"tag-pressemitteilung","25":"tag-pressemitteilungen","26":"tag-schlagzeilen"},"share_on_mastodon":{"url":"https:\/\/pubeurope.com\/@de\/114768563638127067","error":""},"_links":{"self":[{"href":"https:\/\/www.europesays.com\/de\/wp-json\/wp\/v2\/posts\/229445","targetHints":{"allow":["GET"]}}],"collection":[{"href":"https:\/\/www.europesays.com\/de\/wp-json\/wp\/v2\/posts"}],"about":[{"href":"https:\/\/www.europesays.com\/de\/wp-json\/wp\/v2\/types\/post"}],"author":[{"embeddable":true,"href":"https:\/\/www.europesays.com\/de\/wp-json\/wp\/v2\/users\/2"}],"replies":[{"embeddable":true,"href":"https:\/\/www.europesays.com\/de\/wp-json\/wp\/v2\/comments?post=229445"}],"version-history":[{"count":0,"href":"https:\/\/www.europesays.com\/de\/wp-json\/wp\/v2\/posts\/229445\/revisions"}],"wp:featuredmedia":[{"embeddable":true,"href":"https:\/\/www.europesays.com\/de\/wp-json\/wp\/v2\/media\/229446"}],"wp:attachment":[{"href":"https:\/\/www.europesays.com\/de\/wp-json\/wp\/v2\/media?parent=229445"}],"wp:term":[{"taxonomy":"category","embeddable":true,"href":"https:\/\/www.europesays.com\/de\/wp-json\/wp\/v2\/categories?post=229445"},{"taxonomy":"post_tag","embeddable":true,"href":"https:\/\/www.europesays.com\/de\/wp-json\/wp\/v2\/tags?post=229445"}],"curies":[{"name":"wp","href":"https:\/\/api.w.org\/{rel}","templated":true}]}}