{"id":229606,"date":"2025-06-29T21:59:26","date_gmt":"2025-06-29T21:59:26","guid":{"rendered":"https:\/\/www.europesays.com\/de\/229606\/"},"modified":"2025-06-29T21:59:26","modified_gmt":"2025-06-29T21:59:26","slug":"strandbadfest-kritik-trotz-guter-stimmung-frankenthal","status":"publish","type":"post","link":"https:\/\/www.europesays.com\/de\/229606\/","title":{"rendered":"Strandbadfest: Kritik trotz guter Stimmung &#8211; Frankenthal"},"content":{"rendered":"<p class=\"rhp-dpa-teaser\"><b>Ausgelassen Stimmung und ein deutlich gef\u00fclltes Strandbadgel\u00e4nde: Das Strandbadfest st\u00f6\u00dft nach wie vor auf breite Resonanz. Nicht nur die Warteschlangen sorgten f\u00fcr Unmut.<\/b><\/p>\n<p>Es wird voll beim Strandbadfest. Das zeichnet sich schon am fr\u00fchen Samstagabend  ab. Gegen 18 Uhr war die Lage an den Eing\u00e4ngen noch entspannt, doch nur wenig sp\u00e4ter <\/p>\n<p class=\"\">Bitte loggen Sie sich ein um den Artikel im Klartext zu sehen.<\/p>\n<p class=\"\">ecihtre edi ntWecgershala bis zmu rgneeargewMte. torzT TlOnei-iscet,kn eid tlua Sdatt nneei eoclndluqr;hnees&amp;b ianlsEs reikdt druhc eid oeuSl;uechdlsq&amp; &amp;illme;mucerognh lnt,eslo ntaretwe ngieie uaemG;t&amp;ls bsi uz wzei une.Sdtn rl;u&amp;Fum numtU otsrge eia,db dass keni rknnaebrere terVoli ;uul&amp;<\/p>\n","protected":false},"excerpt":{"rendered":"Ausgelassen Stimmung und ein deutlich gef\u00fclltes Strandbadgel\u00e4nde: Das Strandbadfest st\u00f6\u00dft nach wie vor auf breite Resonanz. Nicht nur&hellip;\n","protected":false},"author":2,"featured_media":229607,"comment_status":"","ping_status":"","sticky":false,"template":"","format":"standard","meta":{"footnotes":""},"categories":[1845],"tags":[36617,1634,3364,29,548,663,3934,35185,30,13,4060,25476,2096,14,15,12,72618,17303,72619],"class_list":{"0":"post-229606","1":"post","2":"type-post","3":"status-publish","4":"format-standard","5":"has-post-thumbnail","7":"category-mannheim","8":"tag-dlrg","9":"tag-baden-wuerttemberg","10":"tag-de","11":"tag-deutschland","12":"tag-eu","13":"tag-europa","14":"tag-europe","15":"tag-frankenthal","16":"tag-germany","17":"tag-headlines","18":"tag-lokal","19":"tag-ludwigshafen","20":"tag-mannheim","21":"tag-nachrichten","22":"tag-news","23":"tag-schlagzeilen","24":"tag-selina-vieten","25":"tag-speyer","26":"tag-swr3"},"share_on_mastodon":{"url":"https:\/\/pubeurope.com\/@de\/114768901800376193","error":""},"_links":{"self":[{"href":"https:\/\/www.europesays.com\/de\/wp-json\/wp\/v2\/posts\/229606","targetHints":{"allow":["GET"]}}],"collection":[{"href":"https:\/\/www.europesays.com\/de\/wp-json\/wp\/v2\/posts"}],"about":[{"href":"https:\/\/www.europesays.com\/de\/wp-json\/wp\/v2\/types\/post"}],"author":[{"embeddable":true,"href":"https:\/\/www.europesays.com\/de\/wp-json\/wp\/v2\/users\/2"}],"replies":[{"embeddable":true,"href":"https:\/\/www.europesays.com\/de\/wp-json\/wp\/v2\/comments?post=229606"}],"version-history":[{"count":0,"href":"https:\/\/www.europesays.com\/de\/wp-json\/wp\/v2\/posts\/229606\/revisions"}],"wp:featuredmedia":[{"embeddable":true,"href":"https:\/\/www.europesays.com\/de\/wp-json\/wp\/v2\/media\/229607"}],"wp:attachment":[{"href":"https:\/\/www.europesays.com\/de\/wp-json\/wp\/v2\/media?parent=229606"}],"wp:term":[{"taxonomy":"category","embeddable":true,"href":"https:\/\/www.europesays.com\/de\/wp-json\/wp\/v2\/categories?post=229606"},{"taxonomy":"post_tag","embeddable":true,"href":"https:\/\/www.europesays.com\/de\/wp-json\/wp\/v2\/tags?post=229606"}],"curies":[{"name":"wp","href":"https:\/\/api.w.org\/{rel}","templated":true}]}}