{"id":229644,"date":"2025-06-29T22:22:14","date_gmt":"2025-06-29T22:22:14","guid":{"rendered":"https:\/\/www.europesays.com\/de\/229644\/"},"modified":"2025-06-29T22:22:14","modified_gmt":"2025-06-29T22:22:14","slug":"bonner-reuterpark-plaene-fuer-grossen-umbau-liegen-vor","status":"publish","type":"post","link":"https:\/\/www.europesays.com\/de\/229644\/","title":{"rendered":"Bonner Reuterpark: Pl\u00e4ne f\u00fcr gro\u00dfen Umbau liegen vor"},"content":{"rendered":"<p class=\"small date article__date\">Ver\u00f6ffentlicht:\u00a0Sonntag, 29.06.2025 09:55<\/p>\n<p>Es soll &#8222;Ein Platz f\u00fcr alle&#8220; sein. Die Stadt Bonn plant den n\u00e4chsten gro\u00dfen Schritt, um den Reuterpark weiter umzugestalten. Das ist das gro\u00dfe Gel\u00e4nde an der Ecke Reuter- und Haussdorffstra\u00dfe am Fu\u00dfe der Reuterbr\u00fccke. Die endg\u00fcltigen Pl\u00e4ne liegen jetzt vor.<\/p>\n<p><img decoding=\"async\" alt=\"\" src=\"https:\/\/www.europesays.com\/de\/wp-content\/uploads\/2025\/06\/reuterpark-gesamtlageplan-1.jpg&#038;crop=0x53x2537x1586&#038;resize=1280x800&#038;dt=202506291105580.jpeg\" data-size=\"1280x800\"\/>\u00a9 Bundesstadt Bonn\/RMP SL LandschaftsarchitektenGro\u00dfe Sportfl\u00e4che mit vielen Angeboten<\/p>\n<p>Im ersten Schritt waren hier schon inklusive Spiel- und Erholungsangebote geschaffen worden: unter anderem ein barrierefreier Pumptrack. Jetzt soll eine moderne, auch inklusive Sport- und Freizeitfl\u00e4che f\u00fcr Jugendliche und Erwachsene dazukommen, auf einer Fl\u00e4che von mehr als 8.000 Quadratmetern im n\u00f6rdlichen Teil des Parks, sagt die Stadt. Kernst\u00fcck ist eine frei zug\u00e4nglicher Bereich, auf der unter anderem ein 3&#215;3-Street-Basketballfeld, ein Volleyball- und Badmintonnetz und eine 27 Meter lange Boulderwand entstehen sollen. Sie soll gleichzeitig L\u00e4rmschutzwand sein, auf\u00a0der sich dann auch die Bonner Graffitiszene austoben kann.<\/p>\n<p>Zus\u00e4tzliche Freizeitangebote auf kleinerer Fl\u00e4che<\/p>\n<p>Eine kleinere Fl\u00e4che soll noch dazukommen: mit Bodentrampolinen, Tischtennisplatte und Sitzgelegenheiten. Es soll eine WC-Anlage nahe der Reuterstra\u00dfe, weiterere Abstellm\u00f6glichkeiten f\u00fcr R\u00e4der und einen zweiten Trinkbrunnen geben &#8211; das Ganze mit neuen und alten B\u00e4umen und einer B\u00f6schung mit Blumenwiese.<\/p>\n<p>Finanzierung und Zeitplan stehen<\/p>\n<p>Der Baustart ist f\u00fcr Herbst n\u00e4chsten Jahres geplant. Im September muss aber erstmal die Bezirksvertretung Bonn den Pl\u00e4nen zustimmen. Im Sp\u00e4tsommer 2027 k\u00f6nnte dann alles fertig sein. Die Gesamtkosten werden aktuell mit 3,1 Millionen Euro angesetzt. Weil F\u00f6rdermittel des Bundes dazukommen und sich auch die Bonner Telekom aus Anlass ihres 30-j\u00e4hrigen Jubil\u00e4ums an den Kosten beteiligen m\u00f6chte, reduzieren sich die Gesamtkosten wohl auf 2,8 Millionen Euro, sagt die Stadt Bonn. Die Gelder sind im Haushalt schon eingeplant.<\/p>\n","protected":false},"excerpt":{"rendered":"Ver\u00f6ffentlicht:\u00a0Sonntag, 29.06.2025 09:55 Es soll &#8222;Ein Platz f\u00fcr alle&#8220; sein. Die Stadt Bonn plant den n\u00e4chsten gro\u00dfen Schritt,&hellip;\n","protected":false},"author":2,"featured_media":229645,"comment_status":"","ping_status":"","sticky":false,"template":"","format":"standard","meta":{"footnotes":""},"categories":[1842],"tags":[72634,72633,72637,72635,5964,72636,1741,3364,29,30,1209],"class_list":{"0":"post-229644","1":"post","2":"type-post","3":"status-publish","4":"format-standard","5":"has-post-thumbnail","7":"category-bonn","8":"tag-boulderwand","9":"tag-freizeitangebote","10":"tag-reuterpark","11":"tag-streetball","12":"tag-umbau","13":"tag-zweiter-bauabschnitt","14":"tag-bonn","15":"tag-de","16":"tag-deutschland","17":"tag-germany","18":"tag-nordrhein-westfalen"},"share_on_mastodon":{"url":"https:\/\/pubeurope.com\/@de\/114768992283130516","error":""},"_links":{"self":[{"href":"https:\/\/www.europesays.com\/de\/wp-json\/wp\/v2\/posts\/229644","targetHints":{"allow":["GET"]}}],"collection":[{"href":"https:\/\/www.europesays.com\/de\/wp-json\/wp\/v2\/posts"}],"about":[{"href":"https:\/\/www.europesays.com\/de\/wp-json\/wp\/v2\/types\/post"}],"author":[{"embeddable":true,"href":"https:\/\/www.europesays.com\/de\/wp-json\/wp\/v2\/users\/2"}],"replies":[{"embeddable":true,"href":"https:\/\/www.europesays.com\/de\/wp-json\/wp\/v2\/comments?post=229644"}],"version-history":[{"count":0,"href":"https:\/\/www.europesays.com\/de\/wp-json\/wp\/v2\/posts\/229644\/revisions"}],"wp:featuredmedia":[{"embeddable":true,"href":"https:\/\/www.europesays.com\/de\/wp-json\/wp\/v2\/media\/229645"}],"wp:attachment":[{"href":"https:\/\/www.europesays.com\/de\/wp-json\/wp\/v2\/media?parent=229644"}],"wp:term":[{"taxonomy":"category","embeddable":true,"href":"https:\/\/www.europesays.com\/de\/wp-json\/wp\/v2\/categories?post=229644"},{"taxonomy":"post_tag","embeddable":true,"href":"https:\/\/www.europesays.com\/de\/wp-json\/wp\/v2\/tags?post=229644"}],"curies":[{"name":"wp","href":"https:\/\/api.w.org\/{rel}","templated":true}]}}