{"id":230172,"date":"2025-06-30T03:38:07","date_gmt":"2025-06-30T03:38:07","guid":{"rendered":"https:\/\/www.europesays.com\/de\/230172\/"},"modified":"2025-06-30T03:38:07","modified_gmt":"2025-06-30T03:38:07","slug":"solidaritaet-mit-der-ukraine-kundgebung-in-neuwied-beruehrt-die-herzen-nr-kurier","status":"publish","type":"post","link":"https:\/\/www.europesays.com\/de\/230172\/","title":{"rendered":"Solidarit\u00e4t mit der Ukraine: Kundgebung in Neuwied ber\u00fchrt die Herzen &#8211; NR-Kurier"},"content":{"rendered":"<ol>\n<li><a href=\"https:\/\/news.google.com\/rss\/articles\/CBMisAFBVV95cUxNTUk3a0NLS2h5UzFIUHczQTFPUkdzeUpqVVNRZjEydzA2NG5qUkVDa2tTa0RmNGF5bGkzTHRZcVdRRHM5aDFVNEtlSjU3Ti14dGE3MV9uZXEzUFQ1RlNKeDYwMWZFWV8xQ1YwNmUzYm15OG5Qb19nNjBKb3FRaVkyVTZmeUxnNmdDZzFFUUFOQ1lXcFhZZ1pwUEdPWGdBR3ZQV29tSGtuRlVENXEzc0llZQ?oc=5\" target=\"_blank\" rel=\"noopener\">Solidarit\u00e4t mit der Ukraine: Kundgebung in Neuwied ber\u00fchrt die Herzen<\/a>&nbsp;&nbsp;NR-Kurier<\/li>\n<li><a href=\"https:\/\/news.google.com\/rss\/articles\/CBMizgFBVV95cUxQSjFXSXl0SzBleXl0bkhDM1E2MERsS09RUjdTc04wSlBNVENSTnNRcXFLWUJIMlNqbk9jTlcwdFdDNFY0Ty1KNGRCODJQSERDZVBsQW9pM0FzWU1JR1NRWUVoUGdrcTIteHRCeEtPWENqNXZ6ZjlJamw0VmhmVkpPZDNQRWlTUGYxSktTaGdXdDAweEZEOHduSk9fVFhZTkVXcWpjeVdwbVNibHB6MU9wZnJVRWUzbzZzZGJ5cmhqQUdhVXY2UWxTYlNRdk13QQ?oc=5\" target=\"_blank\" rel=\"noopener\">#\u00dcberland: Hilfsg\u00fcter aus Niedersachsen f\u00fcr die Ukraine<\/a>&nbsp;&nbsp;NDR.de<\/li>\n<li><a href=\"https:\/\/news.google.com\/rss\/articles\/CBMi1wFBVV95cUxNWXdobzE0YTJhX0VvRWtEaXp5SnEzemk5SUY3cmFlWXAzWldmN0U3TGFvamNJb0tlOUlrNnpGUERpUl92enZzNVdQUTljYXFLNThWZkhqQ3p6RzFCQXU2QkFCMHJYMmtFSlF1anZiTkxZLXdEVlVHOUZTNjkwLUpiQXlmS25ueGtNcW1QS3Z0RVdqTnpIT2Q0cGRNbFR0dTVtcHVUcmNyMW5fVEdMYkd5ak53ZzUzWVkyaWhQOGZCRFRLT25ZUnY0eWhGVGUxU0pqWFQyTGoyWQ?oc=5\" target=\"_blank\" rel=\"noopener\">Kundgebung der Jusos in Wilhelmshaven: Zeichen der Solidarit\u00e4t f\u00fcr die Ukraine<\/a>&nbsp;&nbsp;NWZonline<\/li>\n<li><a href=\"https:\/\/news.google.com\/rss\/articles\/CBMi3AFBVV95cUxNYjZLU3V5Y1FpYkh4OE9xeVAzbFFuT3N6WjBUenYzLV9OanMxWDhOX1g3cGhQVmJseXVlLUtmbm82d29wS3dIM0t2NjlEMDRzdDNHZ3VmS2dpNDFNcnJjSk4zR1hIX2c5ZFFXOHFWSUx1al9hY3pKQk9YTHBIMmtFSFpMVEVfZFRGRUxjMk5ZZWVnZk1lUWloS0hZQWlNZktHWnJxR2JoaGYyX18yN0M5b1M2Z1FXSF8wSlZLS0N1eUVMdW4wRUd5Z1hNV1ZzZnctUWxrSmo2NFFKTWpN?oc=5\" target=\"_blank\" rel=\"noopener\">Ukraine-Experte aus Geilenkirchen: \u201eWirtschaft trotz Krieg stabil!\u201c<\/a>&nbsp;&nbsp;Aachener Zeitung<\/li>\n<li><a href=\"https:\/\/news.google.com\/rss\/articles\/CBMisAFBVV95cUxQMUowQUlVZkpVNHVvaUhJOHUxQWJNQVE1MEdfaml3VXJLNXhIMGN5MHA2N1JXMVBjZUdva1dWQ2l4eHA4cUhTTFJXWjlaM3paWXlrV3h6WjEwX0p0TUV0VmFMUlRxYzBON2FRLWFNU1ZvQ0RlY0pvbkJ4VEIyUU05eGhoNng2WGxEQUgxOWdSdWJodDRNaEw5RjctT0dlY2Fua0Y5dG9FdkRmVDJEWXQxMA?oc=5\" target=\"_blank\" rel=\"noopener\">Ukraine: Wie Investitionen Deutschland helfen k\u00f6nnen<\/a>&nbsp;&nbsp;FAZ<\/li>\n<\/ol>\n","protected":false},"excerpt":{"rendered":"Solidarit\u00e4t mit der Ukraine: Kundgebung in Neuwied ber\u00fchrt die Herzen&nbsp;&nbsp;NR-Kurier #\u00dcberland: Hilfsg\u00fcter aus Niedersachsen f\u00fcr die Ukraine&nbsp;&nbsp;NDR.de Kundgebung&hellip;\n","protected":false},"author":2,"featured_media":230173,"comment_status":"","ping_status":"","sticky":false,"template":"","format":"standard","meta":{"footnotes":""},"categories":[4012],"tags":[590,331,332,13,9194,9685,14,9687,15,9686,5399,12,317],"class_list":{"0":"post-230172","1":"post","2":"type-post","3":"status-publish","4":"format-standard","5":"has-post-thumbnail","7":"category-ukraine","8":"tag-aktuell","9":"tag-aktuelle-nachrichten","10":"tag-aktuelle-news","11":"tag-headlines","12":"tag-internetzeitung","13":"tag-kreis-neuwied-rhein","14":"tag-nachrichten","15":"tag-neuwied","16":"tag-news","17":"tag-nr-kurier","18":"tag-region","19":"tag-schlagzeilen","20":"tag-ukraine"},"share_on_mastodon":{"url":"https:\/\/pubeurope.com\/@de\/114770234910630970","error":""},"_links":{"self":[{"href":"https:\/\/www.europesays.com\/de\/wp-json\/wp\/v2\/posts\/230172","targetHints":{"allow":["GET"]}}],"collection":[{"href":"https:\/\/www.europesays.com\/de\/wp-json\/wp\/v2\/posts"}],"about":[{"href":"https:\/\/www.europesays.com\/de\/wp-json\/wp\/v2\/types\/post"}],"author":[{"embeddable":true,"href":"https:\/\/www.europesays.com\/de\/wp-json\/wp\/v2\/users\/2"}],"replies":[{"embeddable":true,"href":"https:\/\/www.europesays.com\/de\/wp-json\/wp\/v2\/comments?post=230172"}],"version-history":[{"count":0,"href":"https:\/\/www.europesays.com\/de\/wp-json\/wp\/v2\/posts\/230172\/revisions"}],"wp:featuredmedia":[{"embeddable":true,"href":"https:\/\/www.europesays.com\/de\/wp-json\/wp\/v2\/media\/230173"}],"wp:attachment":[{"href":"https:\/\/www.europesays.com\/de\/wp-json\/wp\/v2\/media?parent=230172"}],"wp:term":[{"taxonomy":"category","embeddable":true,"href":"https:\/\/www.europesays.com\/de\/wp-json\/wp\/v2\/categories?post=230172"},{"taxonomy":"post_tag","embeddable":true,"href":"https:\/\/www.europesays.com\/de\/wp-json\/wp\/v2\/tags?post=230172"}],"curies":[{"name":"wp","href":"https:\/\/api.w.org\/{rel}","templated":true}]}}