{"id":230315,"date":"2025-06-30T04:55:13","date_gmt":"2025-06-30T04:55:13","guid":{"rendered":"https:\/\/www.europesays.com\/de\/230315\/"},"modified":"2025-06-30T04:55:13","modified_gmt":"2025-06-30T04:55:13","slug":"sommerleseclub-startet-radio-herne","status":"publish","type":"post","link":"https:\/\/www.europesays.com\/de\/230315\/","title":{"rendered":"Sommerleseclub startet &#8211; Radio Herne"},"content":{"rendered":"<p>Auch Teams aus Freunden oder\u00a0Familienmitgliedern sind eingeladen, sich in den\u00a0Bibliotheken Herne-Mitte und Herne-Wanne anzumelden. Wer beim Leseclub mitmacht, bekommt ein Logbuch, in dem alle\u00a0gelesenen B\u00fccher, Comics, Mangas sowie geh\u00f6rten H\u00f6rb\u00fccher oder\u00a0Tonies eingetragen und abgestempelt werden k\u00f6nnen.  Als Belohnung f\u00fcr die erfolgreiche Teilnahme winken eine Urkunde und eine\u00a0Eintrittskarte zur Sommerleseclub- Abschlussveranstaltung Anfang September in der Filmwelt Herne.<\/p>\n<p><a href=\"https:\/\/www.radioherne.de\/Sommerleseclub\" rel=\"noopener noreferrer\" target=\"_blank\">https:\/\/www.herne.de\/Kultur-und-Freizeit\/Kulturelle-Bildung\/Stadtbibliothek\/SommerLeseClub\/<\/a><\/p>\n","protected":false},"excerpt":{"rendered":"Auch Teams aus Freunden oder\u00a0Familienmitgliedern sind eingeladen, sich in den\u00a0Bibliotheken Herne-Mitte und Herne-Wanne anzumelden. Wer beim Leseclub mitmacht,&hellip;\n","protected":false},"author":2,"featured_media":230316,"comment_status":"","ping_status":"","sticky":false,"template":"","format":"standard","meta":{"footnotes":""},"categories":[1839],"tags":[72760,7507,3364,29,4532,30,1209,61637],"class_list":{"0":"post-230315","1":"post","2":"type-post","3":"status-publish","4":"format-standard","5":"has-post-thumbnail","7":"category-bochum","8":"tag-leseclub","9":"tag-bochum","10":"tag-de","11":"tag-deutschland","12":"tag-ferien","13":"tag-germany","14":"tag-nordrhein-westfalen","15":"tag-sommerleseclub"},"share_on_mastodon":{"url":"https:\/\/pubeurope.com\/@de\/114770537614864849","error":""},"_links":{"self":[{"href":"https:\/\/www.europesays.com\/de\/wp-json\/wp\/v2\/posts\/230315","targetHints":{"allow":["GET"]}}],"collection":[{"href":"https:\/\/www.europesays.com\/de\/wp-json\/wp\/v2\/posts"}],"about":[{"href":"https:\/\/www.europesays.com\/de\/wp-json\/wp\/v2\/types\/post"}],"author":[{"embeddable":true,"href":"https:\/\/www.europesays.com\/de\/wp-json\/wp\/v2\/users\/2"}],"replies":[{"embeddable":true,"href":"https:\/\/www.europesays.com\/de\/wp-json\/wp\/v2\/comments?post=230315"}],"version-history":[{"count":0,"href":"https:\/\/www.europesays.com\/de\/wp-json\/wp\/v2\/posts\/230315\/revisions"}],"wp:featuredmedia":[{"embeddable":true,"href":"https:\/\/www.europesays.com\/de\/wp-json\/wp\/v2\/media\/230316"}],"wp:attachment":[{"href":"https:\/\/www.europesays.com\/de\/wp-json\/wp\/v2\/media?parent=230315"}],"wp:term":[{"taxonomy":"category","embeddable":true,"href":"https:\/\/www.europesays.com\/de\/wp-json\/wp\/v2\/categories?post=230315"},{"taxonomy":"post_tag","embeddable":true,"href":"https:\/\/www.europesays.com\/de\/wp-json\/wp\/v2\/tags?post=230315"}],"curies":[{"name":"wp","href":"https:\/\/api.w.org\/{rel}","templated":true}]}}