{"id":230492,"date":"2025-06-30T06:39:12","date_gmt":"2025-06-30T06:39:12","guid":{"rendered":"https:\/\/www.europesays.com\/de\/230492\/"},"modified":"2025-06-30T06:39:12","modified_gmt":"2025-06-30T06:39:12","slug":"sonne-und-bis-zu-30-grad-zum-wochenstart-tropennaechte-erwartet","status":"publish","type":"post","link":"https:\/\/www.europesays.com\/de\/230492\/","title":{"rendered":"Sonne und bis zu 30 Grad zum Wochenstart \u2013 Tropenn\u00e4chte erwartet"},"content":{"rendered":"<p>Wetter in Bremen und Niedersachsen <\/p>\n<p>Temperaturen steigen zun\u00e4chst auf 30 Grad \u2013 Tropenn\u00e4chte erwartet<\/p>\n<p>30.06.2025 &#8211; 07:45 UhrLesedauer: 1 Min.<\/p>\n<p><a href=\"#focus-0\" class=\"transition-colors duration-200 focus-within:text-magenta block text-current relative\" data-sctrack=\"FocusGalleryImage.Reference\"><img fetchpriority=\"high\" data-testid=\"Opener.Image\" style=\"--lqipURL:url('https:\/\/images.t-online.de\/2025\/06\/cZfrExfJPpSE\/0x209:4000x2250\/fit-in\/150x0\/filters:blur(25)\/bremen-strand-cafee-sand-sonne-im-gegenlicht-11-052025-bremen-weser-bremen-deutschland-bremen-beach-cafe-sand-sun-against-the-light-11-05-2025-bremen-weser-bremen-germany-ms-senator-11-05-25-lr-6114.jpg')\"   loading=\"eager\" src=\"https:\/\/www.europesays.com\/de\/wp-content\/uploads\/2025\/06\/bremen-strand-cafee-sand-sonne-im-gegenlicht-11-052025-bremen-weser-bremen-deutschland-bremen-beach-.jpeg\" alt=\"imago images 0819855945\" title=\"imago images 0819855945\" width=\"4000\" height=\"2250\" class=\"bg-[url:var(--lqipURL)] bg-cover bg-center flex h-full w-full max-w-full\" decoding=\"async\"\/><img style=\"--width:32;--height:32\" loading=\"lazy\" src=\"https:\/\/www.t-online.de\/s\/paper\/_next\/static\/media\/zoom-in.f7dae02f.svg\" alt=\"Vergr\u00f6\u00dfern des Bildes\" title=\"Vergr\u00f6\u00dfern des Bildes\" class=\"block h-[calc(var(--height)_\/_16_*_1rem)] w-[calc(var(--width)_\/_16_*_1rem)] max-w-none absolute bottom-8 right-8 rounded-4 bg-snow p-8\" decoding=\"async\"\/><\/a><\/p>\n<p>Strand Caf\u00e9 Sand in Bremen (Archivbild): Bremen erwarten hochsommerliche Temperaturen. (Quelle: IMAGO\/Axel Kaste\/imago)<\/p>\n<p class=\"font-bold text-18 leading-17\">Sommerliche Temperaturen bestimmen das Wetter in Bremen und Niedersachsen. Die Werte steigen im Landesinneren auf bis zu 30 Grad. Ab Mitte der Woche werden Tropenn\u00e4chten erwartet.<\/p>\n<p class=\"text-18 leading-17\">Der Deutsche Wetterdienst (DWD) hat f\u00fcr <a class=\"transition-colors duration-200 cursor-pointer text-inherit no-underline text-salemsfur md:hover:text-magenta md:hover:border-magenta md:focus:text-magenta border-current border-b border-solid break-words\" href=\"https:\/\/www.t-online.de\/region\/bremen\/\" data-sctrack=\"BodyAnchor\" target=\"_blank\" rel=\"noopener\">Bremen<\/a> und Niedersachsen heiter-trockenes <a class=\"transition-colors duration-200 cursor-pointer text-inherit no-underline text-salemsfur md:hover:text-magenta md:hover:border-magenta md:focus:text-magenta border-current border-b border-solid break-words\" href=\"https:\/\/www.t-online.de\/wetter\" data-sctrack=\"BodyAnchor\" target=\"_blank\" rel=\"noopener\">Wetter<\/a> bei schwachem Wind vorhergesagt. Die Temperaturen liegen am Montag bei etwa 19 Grad auf den Inseln und 24 Grad an der K\u00fcste. Im Landesinneren werden bereits 25 bis 30 Grad erwartet, wobei die h\u00f6chsten Werte am Mittellandkanal erreicht werden.<\/p>\n<p class=\"text-18 leading-17\">Die Nacht zum Dienstag bleibt laut DWD \u00fcberwiegend sternenklar. Die Temperaturen sinken auf Werte zwischen 9 und 15 Grad. Am Dienstag setzt sich das sonnige Wetter fort. Die Temperaturen steigen dann auf 32 bis 36 Grad an, mit den h\u00f6chsten Werten im Weserbergland. Auf den Inseln bleiben die Temperaturen mit 23 bis 28 Grad etwas moderater.<\/p>\n<p class=\"text-18 leading-17\">In der Nacht zum Mittwoch soll es bei Tiefstwerten zwischen 14 und 19 Grad locker bew\u00f6lkt oder klar bleiben. Vereinzelt k\u00f6nne es zu Tropenn\u00e4chten mit Temperaturen um 20 Grad kommen, teilte der DWD mit.<\/p>\n","protected":false},"excerpt":{"rendered":"Wetter in Bremen und Niedersachsen Temperaturen steigen zun\u00e4chst auf 30 Grad \u2013 Tropenn\u00e4chte erwartet 30.06.2025 &#8211; 07:45 UhrLesedauer:&hellip;\n","protected":false},"author":2,"featured_media":230493,"comment_status":"","ping_status":"","sticky":false,"template":"","format":"standard","meta":{"footnotes":""},"categories":[1824],"tags":[722,17161,2420,3364,29,4906,30,60973,55284,1411,6848,62360],"class_list":{"0":"post-230492","1":"post","2":"type-post","3":"status-publish","4":"format-standard","5":"has-post-thumbnail","7":"category-bremen","8":"tag-722","9":"tag-17161","10":"tag-bremen","11":"tag-de","12":"tag-deutschland","13":"tag-dwd","14":"tag-germany","15":"tag-hitzetag","16":"tag-landesinnere","17":"tag-niedersachsen","18":"tag-temperatur","19":"tag-tropennacht"},"share_on_mastodon":{"url":"https:\/\/pubeurope.com\/@de\/114770946615909813","error":""},"_links":{"self":[{"href":"https:\/\/www.europesays.com\/de\/wp-json\/wp\/v2\/posts\/230492","targetHints":{"allow":["GET"]}}],"collection":[{"href":"https:\/\/www.europesays.com\/de\/wp-json\/wp\/v2\/posts"}],"about":[{"href":"https:\/\/www.europesays.com\/de\/wp-json\/wp\/v2\/types\/post"}],"author":[{"embeddable":true,"href":"https:\/\/www.europesays.com\/de\/wp-json\/wp\/v2\/users\/2"}],"replies":[{"embeddable":true,"href":"https:\/\/www.europesays.com\/de\/wp-json\/wp\/v2\/comments?post=230492"}],"version-history":[{"count":0,"href":"https:\/\/www.europesays.com\/de\/wp-json\/wp\/v2\/posts\/230492\/revisions"}],"wp:featuredmedia":[{"embeddable":true,"href":"https:\/\/www.europesays.com\/de\/wp-json\/wp\/v2\/media\/230493"}],"wp:attachment":[{"href":"https:\/\/www.europesays.com\/de\/wp-json\/wp\/v2\/media?parent=230492"}],"wp:term":[{"taxonomy":"category","embeddable":true,"href":"https:\/\/www.europesays.com\/de\/wp-json\/wp\/v2\/categories?post=230492"},{"taxonomy":"post_tag","embeddable":true,"href":"https:\/\/www.europesays.com\/de\/wp-json\/wp\/v2\/tags?post=230492"}],"curies":[{"name":"wp","href":"https:\/\/api.w.org\/{rel}","templated":true}]}}