{"id":230524,"date":"2025-06-30T06:56:13","date_gmt":"2025-06-30T06:56:13","guid":{"rendered":"https:\/\/www.europesays.com\/de\/230524\/"},"modified":"2025-06-30T06:56:13","modified_gmt":"2025-06-30T06:56:13","slug":"bis-33-grad-danach-wird-es-noch-heisser","status":"publish","type":"post","link":"https:\/\/www.europesays.com\/de\/230524\/","title":{"rendered":"Bis 33 Grad \u2013 danach wird es noch hei\u00dfer"},"content":{"rendered":"<p>Sommerliche Temperaturen <\/p>\n<p>Bis zu 26 Grad zum Wochenstart \u2013 dann wird es hei\u00dfer<\/p>\n<p>Aktualisiert am 30.06.2025 &#8211; 08:45 UhrLesedauer: 1 Min.<\/p>\n<p><a href=\"#focus-0\" class=\"transition-colors duration-200 focus-within:text-magenta block text-current relative\" data-sctrack=\"FocusGalleryImage.Reference\"><img fetchpriority=\"high\" data-testid=\"Opener.Image\" style=\"--lqipURL:url('https:\/\/images.t-online.de\/2022\/07\/oWSpDMknx06b\/0x107:2048x1152\/fit-in\/150x0\/filters:blur(25)\/nur-wenige-passanten-flanieren-an-der-binnenalster-in-der-innenstadt.jpg')\"   loading=\"eager\" src=\"https:\/\/www.europesays.com\/de\/wp-content\/uploads\/2025\/06\/nur-wenige-passanten-flanieren-an-der-binnenalster-in-der-innenstadt.jpg\" alt=\"Hitze in Deutschland \u2013 Hamburg\" title=\"Hitze in Deutschland \u2013 Hamburg\" width=\"2048\" height=\"1152\" class=\"bg-[url:var(--lqipURL)] bg-cover bg-center flex h-full w-full max-w-full\" decoding=\"async\"\/><img style=\"--width:32;--height:32\" loading=\"lazy\" src=\"https:\/\/www.t-online.de\/s\/paper\/_next\/static\/media\/zoom-in.f7dae02f.svg\" alt=\"Vergr\u00f6\u00dfern des Bildes\" title=\"Vergr\u00f6\u00dfern des Bildes\" class=\"block h-[calc(var(--height)_\/_16_*_1rem)] w-[calc(var(--width)_\/_16_*_1rem)] max-w-none absolute bottom-8 right-8 rounded-4 bg-snow p-8\" decoding=\"async\"\/><\/a><\/p>\n<p>Nur wenige Passanten flanieren an der Binnenalster in der Innenstadt (Archivbild): Am Dienstag kann es bereits 33 Grad Celsius hei\u00df werden. (Quelle: Marcus Brandt\/dpa\/dpa)<\/p>\n<p class=\"font-bold text-18 leading-17\">Der Norden erlebt einen sommerlichen Wochenstart mit viel Sonne und steigenden Temperaturen. Am Dienstag klettern die Werte auf bis zu 33 Grad Celsius.<\/p>\n<p class=\"text-18 leading-17\">In Hamburg und Schleswig-Holstein hat die Woche mit sommerlichen Temperaturen begonnen. Nach Angaben des Deutschen Wetterdienstes (DWD) bleibt es heiter und niederschlagsfrei bei Temperaturen zwischen 23 und 26 Grad Celsius. Im direkten Seewindbereich werden etwas k\u00fchlere Temperaturen um die 21 Grad erreicht. Der Wind weht \u00fcberwiegend schwach.<\/p>\n<p class=\"text-18 leading-17\">In der Nacht zum Dienstag sinken die Temperaturen auf 10 bis 15 Grad, wobei die h\u00f6heren Werte an der See gemessen werden.<\/p>\n<p class=\"text-18 leading-17\">F\u00fcr Dienstag sagt der DWD einen weiteren Temperaturanstieg voraus. Die H\u00f6chstwerte sollen dann auf 29 bis 33 Grad Celsius steigen. Die h\u00f6chsten Temperaturen werden in den s\u00fcdlichen Landesteilen Schleswig-Holsteins sowie in Hamburg erwartet. An der K\u00fcste sorgt der Seewind f\u00fcr angenehmere 24 Grad.<\/p>\n","protected":false},"excerpt":{"rendered":"Sommerliche Temperaturen Bis zu 26 Grad zum Wochenstart \u2013 dann wird es hei\u00dfer Aktualisiert am 30.06.2025 &#8211; 08:45&hellip;\n","protected":false},"author":2,"featured_media":230525,"comment_status":"","ping_status":"","sticky":false,"template":"","format":"standard","meta":{"footnotes":""},"categories":[1826],"tags":[722,17161,29,4906,30,692,60973,1971,6848],"class_list":{"0":"post-230524","1":"post","2":"type-post","3":"status-publish","4":"format-standard","5":"has-post-thumbnail","7":"category-hamburg","8":"tag-722","9":"tag-17161","10":"tag-deutschland","11":"tag-dwd","12":"tag-germany","13":"tag-hamburg","14":"tag-hitzetag","15":"tag-schleswig-holstein","16":"tag-temperatur"},"share_on_mastodon":{"url":"https:\/\/pubeurope.com\/@de\/114771013421094718","error":""},"_links":{"self":[{"href":"https:\/\/www.europesays.com\/de\/wp-json\/wp\/v2\/posts\/230524","targetHints":{"allow":["GET"]}}],"collection":[{"href":"https:\/\/www.europesays.com\/de\/wp-json\/wp\/v2\/posts"}],"about":[{"href":"https:\/\/www.europesays.com\/de\/wp-json\/wp\/v2\/types\/post"}],"author":[{"embeddable":true,"href":"https:\/\/www.europesays.com\/de\/wp-json\/wp\/v2\/users\/2"}],"replies":[{"embeddable":true,"href":"https:\/\/www.europesays.com\/de\/wp-json\/wp\/v2\/comments?post=230524"}],"version-history":[{"count":0,"href":"https:\/\/www.europesays.com\/de\/wp-json\/wp\/v2\/posts\/230524\/revisions"}],"wp:featuredmedia":[{"embeddable":true,"href":"https:\/\/www.europesays.com\/de\/wp-json\/wp\/v2\/media\/230525"}],"wp:attachment":[{"href":"https:\/\/www.europesays.com\/de\/wp-json\/wp\/v2\/media?parent=230524"}],"wp:term":[{"taxonomy":"category","embeddable":true,"href":"https:\/\/www.europesays.com\/de\/wp-json\/wp\/v2\/categories?post=230524"},{"taxonomy":"post_tag","embeddable":true,"href":"https:\/\/www.europesays.com\/de\/wp-json\/wp\/v2\/tags?post=230524"}],"curies":[{"name":"wp","href":"https:\/\/api.w.org\/{rel}","templated":true}]}}