{"id":230530,"date":"2025-06-30T06:59:09","date_gmt":"2025-06-30T06:59:09","guid":{"rendered":"https:\/\/www.europesays.com\/de\/230530\/"},"modified":"2025-06-30T06:59:09","modified_gmt":"2025-06-30T06:59:09","slug":"bis-zu-39-grad-neue-woche-bringt-hitze-in-berlin-und-brandenburg-panorama","status":"publish","type":"post","link":"https:\/\/www.europesays.com\/de\/230530\/","title":{"rendered":"Bis zu 39 Grad &#8211; Neue Woche bringt Hitze in Berlin und Brandenburg &#8211; Panorama"},"content":{"rendered":"<p data-manual=\"teaserText\" data-schema-org-speakable=\"true\">Viel Sonne und strahlend blauer Himmel, aber auch sehr hohe Temperaturen: Trockenes, hei\u00dfes Sommerwetter erwartet die Menschen in der Hauptstadtregion. Nur die N\u00e4chte sorgen f\u00fcr etwas Abk\u00fchlung.<\/p>\n<p data-manual=\"paragraph\" data-schema-org-speakable=\"true\" class=\"css-1ylqqlw\"><a href=\"https:\/\/www.sueddeutsche.de\/thema\/Berlin\" rel=\"nofollow noopener\" target=\"_blank\">Berlin<\/a>\/Potsdam (dpa\/bb) &#8211; Nach teils heftigen Unwettern in der Vorwoche bringen die n\u00e4chsten Tage in Berlin und <a href=\"https:\/\/www.sueddeutsche.de\/thema\/Brandenburg\" rel=\"nofollow noopener\" target=\"_blank\">Brandenburg<\/a> ruhiges und trockenes, aber umso hei\u00dferes Sommerwetter. W\u00e4hrend die Temperaturen am Montag noch unter 30 Grad liegen, rechnet der Deutsche Wetterdienst (DWD) zur Mitte der Woche mit bis zu 39 Grad. Die N\u00e4chte bieten daf\u00fcr deutliche Abk\u00fchlung und Gelegenheit zum Durchl\u00fcften.\u00a0<\/p>\n<p data-manual=\"paragraph\" data-schema-org-speakable=\"true\" class=\"css-1ylqqlw\">Am Montag erwartet der DWD reichlich Sonnenschein. Schwacher bis m\u00e4\u00dfiger Wind sorgt gelegentlich f\u00fcr ein k\u00fchles L\u00fcftchen. Die Temperaturen steigen in der Uckermark auf bis zu 23 Grad, in Berlin auf um die 27 Grad und im Elbe-Elster-Kreis auf bis zu 29 Grad. Nachts ist der Himmel wolkenlos. Es k\u00fchlt deutlich ab auf Tiefstwerte zwischen 14 und 10 Grad.<\/p>\n<p data-manual=\"paragraph\" data-schema-org-speakable=\"true\" class=\"css-1ylqqlw\">Trockene Hitze und Sonne pur bringt der Dienstag. Die Wetterexperten rechnen mit einer starken W\u00e4rmebelastung und hohen Temperaturen, die in der Spitze 31 bis 35 Grad erreichen. In der Nacht zum Mittwoch sinken die Temperaturen auf 19 bis 14 Grad.\u00a0<\/p>\n<p data-manual=\"paragraph\" data-schema-org-speakable=\"true\" class=\"css-1ylqqlw\">Noch w\u00e4rmer wird es laut DWD am Mittwoch: Bei strahlend blauem Himmel und jeder Menge Sonne klettert das Thermometer in der Hauptstadtregion auf 36 bis 39 Grad.<\/p>\n<p data-manual=\"paragraph\" data-schema-org-speakable=\"true\" class=\"css-1ylqqlw\">\u00a9 dpa-infocom, dpa:250630-930-734696\/1<\/p>\n","protected":false},"excerpt":{"rendered":"Viel Sonne und strahlend blauer Himmel, aber auch sehr hohe Temperaturen: Trockenes, hei\u00dfes Sommerwetter erwartet die Menschen in&hellip;\n","protected":false},"author":2,"featured_media":230531,"comment_status":"","ping_status":"","sticky":false,"template":"","format":"standard","meta":{"footnotes":""},"categories":[1825],"tags":[1941,1939,296,1937,1890,29,30,1940,1938,1974,149,1973],"class_list":{"0":"post-230530","1":"post","2":"type-post","3":"status-publish","4":"format-standard","5":"has-post-thumbnail","7":"category-berlin","8":"tag-aktuelle-nachrichten-aus-berlin","9":"tag-aktuelle-news-aus-berlin","10":"tag-berlin","11":"tag-berlin-news","12":"tag-brandenburg","13":"tag-deutschland","14":"tag-germany","15":"tag-nachrichten-aus-berlin","16":"tag-news-aus-berlin","17":"tag-panorama","18":"tag-sueddeutsche-zeitung","19":"tag-wetter"},"share_on_mastodon":{"url":"https:\/\/pubeurope.com\/@de\/114771025619667209","error":""},"_links":{"self":[{"href":"https:\/\/www.europesays.com\/de\/wp-json\/wp\/v2\/posts\/230530","targetHints":{"allow":["GET"]}}],"collection":[{"href":"https:\/\/www.europesays.com\/de\/wp-json\/wp\/v2\/posts"}],"about":[{"href":"https:\/\/www.europesays.com\/de\/wp-json\/wp\/v2\/types\/post"}],"author":[{"embeddable":true,"href":"https:\/\/www.europesays.com\/de\/wp-json\/wp\/v2\/users\/2"}],"replies":[{"embeddable":true,"href":"https:\/\/www.europesays.com\/de\/wp-json\/wp\/v2\/comments?post=230530"}],"version-history":[{"count":0,"href":"https:\/\/www.europesays.com\/de\/wp-json\/wp\/v2\/posts\/230530\/revisions"}],"wp:featuredmedia":[{"embeddable":true,"href":"https:\/\/www.europesays.com\/de\/wp-json\/wp\/v2\/media\/230531"}],"wp:attachment":[{"href":"https:\/\/www.europesays.com\/de\/wp-json\/wp\/v2\/media?parent=230530"}],"wp:term":[{"taxonomy":"category","embeddable":true,"href":"https:\/\/www.europesays.com\/de\/wp-json\/wp\/v2\/categories?post=230530"},{"taxonomy":"post_tag","embeddable":true,"href":"https:\/\/www.europesays.com\/de\/wp-json\/wp\/v2\/tags?post=230530"}],"curies":[{"name":"wp","href":"https:\/\/api.w.org\/{rel}","templated":true}]}}