{"id":230603,"date":"2025-06-30T07:39:11","date_gmt":"2025-06-30T07:39:11","guid":{"rendered":"https:\/\/www.europesays.com\/de\/230603\/"},"modified":"2025-06-30T07:39:11","modified_gmt":"2025-06-30T07:39:11","slug":"krieg-aussenminister-wadephul-in-kiew-freiheit-und-zukunft-der-ukraine-oberste-prioritaet-deutscher-aussenpolitik","status":"publish","type":"post","link":"https:\/\/www.europesays.com\/de\/230603\/","title":{"rendered":"Krieg &#8211; Au\u00dfenminister Wadephul in Kiew: Freiheit und Zukunft der Ukraine oberste Priorit\u00e4t deutscher Au\u00dfenpolitik"},"content":{"rendered":"<p>                    <img decoding=\"async\" loading=\"lazy\" class=\"internal-image\" title=\"Johann Wadephul (l), Bundesau\u00dfenminister, kommt am Bahnhof in Kiew an und wird von Martin J\u00e4ger, Botschafter von Deutschland in der Ukraine, begr\u00fc\u00dft. \" alt=\"Johann Wadephul (l), Bundesau\u00dfenminister, kommt am Bahnhof in Kiew an und wird von Martin J\u00e4ger, Botschafter von Deutschland in der Ukraine, begr\u00fc\u00dft. \" src=\"https:\/\/www.europesays.com\/de\/wp-content\/uploads\/2025\/06\/wadephul-ukraine-102-1920x1080.jpg\" \/><\/p>\n<p>                  Au\u00dfenminister Wadephul ist in Kiew eingetroffen. (J\u00f6rg Blank\/dpa)<\/p>\n<p>Wadephul war heute fr\u00fch mit einem Sonderzug in der Hauptstadt Kiew eingetroffen. Vor einer Unterredung mit seinem ukrainischen Amtskollegen Sybiha erkl\u00e4rte Wadephul, in der Ukraine entscheide sich, ob Europa ein Ort bleibe, an dem Freiheit und Menschenw\u00fcrde z\u00e4hlten \u2013 oder ein Kontinent werde, auf dem Gewalt Grenzen verschiebe. Russlands Pr\u00e4sident Putin wolle keinen Frieden, sondern Eroberung und Unterwerfung um jeden Preis. Deshalb werde man sich voll darauf konzentrieren, die Ukraine weiter zu unterst\u00fctzen. Die Freiheit und Zukunft der Ukraine sei die wichtigste Aufgabe der deutschen Au\u00dfen- und Sicherheitspolitik.<\/p>\n<p>                EU kann sich nicht auf neues Sanktionspaket gegen Russland einigen<br \/>\n                Wadephul k\u00fcndigte zudem weitere EU-Sanktionen gegen Russland an. <a title=\"Link auf: EU-Gipfel - Kein neues Sanktionspaket gegen Russland beschlossen - Widerstand aus der Slowakei bleibt\" href=\"https:\/\/www.deutschlandfunk.de\/kein-neues-sanktionspaket-gegen-russland-beschlossen-widerstand-aus-der-slowakei-bleibt-100.html\" rel=\"nofollow noopener\" target=\"_blank\">Allerdings war die Annahme des 18. Sanktionspakets am vergangenen Freitag am Widerstand der Slowakei gescheitert<\/a>. Ein neues Votum wurde auf einen unbestimmten Zeitpunkt verschoben.<\/p>\n<p>Diese Nachricht wurde am 30.06.2025 im Programm Deutschlandfunk gesendet.<\/p>\n","protected":false},"excerpt":{"rendered":"Au\u00dfenminister Wadephul ist in Kiew eingetroffen. (J\u00f6rg Blank\/dpa) Wadephul war heute fr\u00fch mit einem Sonderzug in der Hauptstadt&hellip;\n","protected":false},"author":2,"featured_media":230604,"comment_status":"","ping_status":"","sticky":false,"template":"","format":"standard","meta":{"footnotes":""},"categories":[4012],"tags":[331,332,13,14,15,12,317],"class_list":{"0":"post-230603","1":"post","2":"type-post","3":"status-publish","4":"format-standard","5":"has-post-thumbnail","7":"category-ukraine","8":"tag-aktuelle-nachrichten","9":"tag-aktuelle-news","10":"tag-headlines","11":"tag-nachrichten","12":"tag-news","13":"tag-schlagzeilen","14":"tag-ukraine"},"share_on_mastodon":{"url":"https:\/\/pubeurope.com\/@de\/114771182755391406","error":""},"_links":{"self":[{"href":"https:\/\/www.europesays.com\/de\/wp-json\/wp\/v2\/posts\/230603","targetHints":{"allow":["GET"]}}],"collection":[{"href":"https:\/\/www.europesays.com\/de\/wp-json\/wp\/v2\/posts"}],"about":[{"href":"https:\/\/www.europesays.com\/de\/wp-json\/wp\/v2\/types\/post"}],"author":[{"embeddable":true,"href":"https:\/\/www.europesays.com\/de\/wp-json\/wp\/v2\/users\/2"}],"replies":[{"embeddable":true,"href":"https:\/\/www.europesays.com\/de\/wp-json\/wp\/v2\/comments?post=230603"}],"version-history":[{"count":0,"href":"https:\/\/www.europesays.com\/de\/wp-json\/wp\/v2\/posts\/230603\/revisions"}],"wp:featuredmedia":[{"embeddable":true,"href":"https:\/\/www.europesays.com\/de\/wp-json\/wp\/v2\/media\/230604"}],"wp:attachment":[{"href":"https:\/\/www.europesays.com\/de\/wp-json\/wp\/v2\/media?parent=230603"}],"wp:term":[{"taxonomy":"category","embeddable":true,"href":"https:\/\/www.europesays.com\/de\/wp-json\/wp\/v2\/categories?post=230603"},{"taxonomy":"post_tag","embeddable":true,"href":"https:\/\/www.europesays.com\/de\/wp-json\/wp\/v2\/tags?post=230603"}],"curies":[{"name":"wp","href":"https:\/\/api.w.org\/{rel}","templated":true}]}}