{"id":230621,"date":"2025-06-30T07:50:14","date_gmt":"2025-06-30T07:50:14","guid":{"rendered":"https:\/\/www.europesays.com\/de\/230621\/"},"modified":"2025-06-30T07:50:14","modified_gmt":"2025-06-30T07:50:14","slug":"anmeldungen-fuer-praktikumswochen-laufen-radio-muelheim","status":"publish","type":"post","link":"https:\/\/www.europesays.com\/de\/230621\/","title":{"rendered":"Anmeldungen f\u00fcr Praktikumswochen laufen &#8211; Radio M\u00fclheim"},"content":{"rendered":"<p class=\"small date article__date\">Ver\u00f6ffentlicht:\u00a0Montag, 30.06.2025 08:41<\/p>\n<p>In Sommerferien haben Jugendliche in Oberhausen die M\u00f6glichkeit, in viele Berufe reinzuschnuppern. Oberhausen macht mit bei den Ferien-Praktikumswochen in NRW. Ab sofort k\u00f6nnt ihr euch f\u00fcr Praktika <a href=\"https:\/\/praktikumswoche.de\/muelheim-ruhr\" rel=\"noopener noreferrer\" target=\"_blank\">anmelden.<\/a><\/p>\n<p><img decoding=\"async\" alt=\"\" src=\"https:\/\/www.europesays.com\/de\/wp-content\/uploads\/2025\/06\/azubis-gaudilab-shutterstock_598812713.jpg&#038;crop=0x0x7360x4600&#038;resize=1280x800&#038;dt=202103291145240.jpeg\" data-size=\"1280x800\"\/>\u00a9 GaudiLab shutterstock.com<\/p>\n<p>Jugendliche ab 15 Jahren k\u00f6nnen in den Sommerferien sehr unkompliziert Berufe und M\u00fclheimer Unternehmen kennenlernen, sagt die Stadt. Je nach Wunsch f\u00fcr die Dauer von einem bis zu drei Tagen, ohne Bewerbung und ohne Zeugnisse, die vorgelegt werden m\u00fcssen. Viele Unternehmen aus M\u00fclheim haben sich ihrerseits bereits registriert und machen bei der Aktion mit. Es werden Praktika angeboten im Bereich der Verwaltung, in der Medizin, im Handwerk, in den Medien, in der Landwirtschaft, EDV, Logistik und viele mehr. Wenn ihr wollt, k\u00f6nnt ihr jeden Tag einen anderen Job in einem anderen Unternehmen kennenlernen. An welchen Tagen und wo entscheidet ihr ganz allein. Die Ferien-Praktikumswochen sollen Jugendlichen Orientierung bieten und Unternehmen die Chance geben, fr\u00fchzeitig die potenziellen Fachkr\u00e4fte von morgen kennenzulernen.<\/p>\n","protected":false},"excerpt":{"rendered":"Ver\u00f6ffentlicht:\u00a0Montag, 30.06.2025 08:41 In Sommerferien haben Jugendliche in Oberhausen die M\u00f6glichkeit, in viele Berufe reinzuschnuppern. Oberhausen macht mit&hellip;\n","protected":false},"author":2,"featured_media":230622,"comment_status":"","ping_status":"","sticky":false,"template":"","format":"standard","meta":{"footnotes":""},"categories":[1838],"tags":[3827,4068,72827,3886,3364,29,3715,4532,30,3198,1209],"class_list":{"0":"post-230621","1":"post","2":"type-post","3":"status-publish","4":"format-standard","5":"has-post-thumbnail","7":"category-duisburg","8":"tag-anmeldungen","9":"tag-mlheim","10":"tag-praktikumswochen","11":"tag-ausbildung","12":"tag-de","13":"tag-deutschland","14":"tag-duisburg","15":"tag-ferien","16":"tag-germany","17":"tag-karriereende","18":"tag-nordrhein-westfalen"},"share_on_mastodon":{"url":"https:\/\/pubeurope.com\/@de\/114771225782426172","error":""},"_links":{"self":[{"href":"https:\/\/www.europesays.com\/de\/wp-json\/wp\/v2\/posts\/230621","targetHints":{"allow":["GET"]}}],"collection":[{"href":"https:\/\/www.europesays.com\/de\/wp-json\/wp\/v2\/posts"}],"about":[{"href":"https:\/\/www.europesays.com\/de\/wp-json\/wp\/v2\/types\/post"}],"author":[{"embeddable":true,"href":"https:\/\/www.europesays.com\/de\/wp-json\/wp\/v2\/users\/2"}],"replies":[{"embeddable":true,"href":"https:\/\/www.europesays.com\/de\/wp-json\/wp\/v2\/comments?post=230621"}],"version-history":[{"count":0,"href":"https:\/\/www.europesays.com\/de\/wp-json\/wp\/v2\/posts\/230621\/revisions"}],"wp:featuredmedia":[{"embeddable":true,"href":"https:\/\/www.europesays.com\/de\/wp-json\/wp\/v2\/media\/230622"}],"wp:attachment":[{"href":"https:\/\/www.europesays.com\/de\/wp-json\/wp\/v2\/media?parent=230621"}],"wp:term":[{"taxonomy":"category","embeddable":true,"href":"https:\/\/www.europesays.com\/de\/wp-json\/wp\/v2\/categories?post=230621"},{"taxonomy":"post_tag","embeddable":true,"href":"https:\/\/www.europesays.com\/de\/wp-json\/wp\/v2\/tags?post=230621"}],"curies":[{"name":"wp","href":"https:\/\/api.w.org\/{rel}","templated":true}]}}