{"id":230850,"date":"2025-06-30T09:55:10","date_gmt":"2025-06-30T09:55:10","guid":{"rendered":"https:\/\/www.europesays.com\/de\/230850\/"},"modified":"2025-06-30T09:55:10","modified_gmt":"2025-06-30T09:55:10","slug":"jeder-sechste-mensch-weltweit-laut-who-von-einsamkeit-betroffen","status":"publish","type":"post","link":"https:\/\/www.europesays.com\/de\/230850\/","title":{"rendered":"Jeder sechste Mensch weltweit laut WHO von Einsamkeit betroffen"},"content":{"rendered":"<p class=\"metatextline\">Stand: 30.06.2025 10:23 Uhr<\/p>\n<p class=\"textabsatz columns twelve  m-ten  m-offset-one l-eight l-offset-two\">\n        <strong>Einsamkeit und soziale Isolation machen k\u00f6rperlich krank. Wie ausgepr\u00e4gt die Problematik weltweit ist, zeigen nun Zahlen der WHO: Demnach tr\u00e4gt Einsamkeit zu 871.000 Todesf\u00e4llen bei. Es gibt aber auch ein gutes Beispiel..<\/strong>\n    <\/p>\n<p class=\"textabsatz m-ten m-offset-one l-eight l-offset-two columns twelve\">\nEinsamkeit macht nicht nur vielen Menschen zu schaffen, es schw\u00e4cht auch die Gesellschaft und kostet sie viel Geld. Eine Kommission der Weltgesundheitsorganisation (WHO) hat sich nun mit dem Problem und den Auswirkungen weltweit besch\u00e4ftigt.<\/p>\n<p class=\"textabsatz m-ten m-offset-one l-eight l-offset-two columns twelve\">\nDemnach ist jeder sechste Mensch weltweit von Einsamkeit betroffen. Einsamkeit und soziale Isolation machen demnach k\u00f6rperlich krank, was jedes Jahr zu 871.000 Todesf\u00e4llen weltweit beitrage. Einsamkeit erh\u00f6he das Risiko unter anderem von Hirnschl\u00e4gen und Herzinfarkten, Diabetes, Depressionen, Angstzust\u00e4nden und Suizid.<\/p>\n<p>    Milliardenkosten im Gesundheitswesen<\/p>\n<p class=\"textabsatz m-ten m-offset-one l-eight l-offset-two columns twelve\">\nMenschen und Familien sind dem Bericht zufolge nicht nur individuell betroffen. In der Gesellschaft entst\u00fcnden Milliardenkosten im Gesundheitswesen und durch Ausf\u00e4lle etwa bei der Besch\u00e4ftigung. So h\u00e4tten einsame Teenager eine 22 Prozent h\u00f6here Wahrscheinlichkeit, schlechtere Noten als Mitsch\u00fcler zu bekommen, und einsame Erwachsene h\u00e4tten es schwerer, einen Arbeitsplatz zu finden oder zu behalten.<\/p>\n<p>    Kommunikation nicht nur \u00fcber Worte<\/p>\n<p class=\"textabsatz m-ten m-offset-one l-eight l-offset-two columns twelve\">\nDer Co-Vorsitzende der Kommission, Vivek Murthy, definiert Einsamkeit so:<\/p>\n<blockquote class=\"zitat\">\n<p>\n                    Einsamkeit ist ein schmerzhaftes, subjektives Gef\u00fchl, das viele von uns empfinden, wenn wir nicht die Beziehungen haben, die wir brauchen. Im Gegensatz dazu ist soziale Isolation ein objektiver Zustand, in dem es nur wenige Beziehungen oder Interaktionen gibt.<\/p>\n<\/blockquote>\n<p class=\"textabsatz m-ten m-offset-one l-eight l-offset-two columns twelve\">\nNach Angaben von Murthy kommunizieren die Menschen seit Jahrtausenden nicht nur \u00fcber Worte, sondern auch Gesichtsausdr\u00fccke, K\u00f6rpersprache, Stimme und Schweigen. Dies gehe verloren, wenn sie st\u00e4ndig \u00fcber Handys und soziale Medien kommunizieren.\u00a0<\/p>\n<p class=\"textabsatz m-ten m-offset-one l-eight l-offset-two columns twelve\">\nEiner von drei \u00e4lteren Menschen und einer von vier Heranwachsenden seien nach Sch\u00e4tzungen sozial isoliert, hei\u00dft es in dem Bericht. Zu den Ursachen geh\u00f6rten Krankheiten, fehlende Bildung und niedrige Einkommen, mangelnde Angebote f\u00fcr soziale Kontakte und das Alleinleben sowie digitale Technologien.\u00a0<\/p>\n<p>    Schweden als Positivbeispiel<\/p>\n<p class=\"textabsatz m-ten m-offset-one l-eight l-offset-two columns twelve\">\nDie WHO f\u00fchrt Schweden als gutes Beispiel an: Das Land hat eine nationale Strategie gegen Einsamkeit, wie der schwedische Sozialminister Jakob Forssmed berichtet. Man habe erkannt, dass nicht nur die Einsamen ein Problem h\u00e4tten, sondern die ganze Gesellschaft.<\/p>\n<p class=\"textabsatz m-ten m-offset-one l-eight l-offset-two columns twelve\">\nIn Schweden werde nun an vielen Orten bewusst versucht, soziale Kontakte zu erm\u00f6glichen, etwa in Gesch\u00e4ften oder Restaurants, in Nachbarschaften oder Vereinen. Alle Kinder und Jugendliche bek\u00e4men bald Geldkarten geschenkt, mit denen sie aber nur Gruppenaktivit\u00e4ten f\u00fcr die Freizeit buchen k\u00f6nnten.<\/p>\n<p>    Handyverbot an Schulen<\/p>\n<p class=\"textabsatz m-ten m-offset-one l-eight l-offset-two columns twelve\">\nSchweden werde Handys an \u00f6ffentlichen Schulen verbieten, sagte der Minister. Studien h\u00e4tten gezeigt, dass die sozialen Kontakte dadurch wachsen und Cybermobbing reduziert werde. Kinder und Jugendliche schliefen besser und f\u00e4nden es leichter, das Handy auch in der Freizeit beiseitezulegen.<\/p>\n<p class=\"textabsatz m-ten m-offset-one l-eight l-offset-two columns twelve\">\nKinder seien auch oft frustriert, wenn ihre <a href=\"https:\/\/www.tagesschau.de\/wissen\/gesundheit\/smartphone-kinder-entwicklung-100.html\" title=\"Wie die Smartphonenutzung der Eltern Kleinkinder beeinflusst\" target=\"_blank\" rel=\"noopener\">Eltern st\u00e4ndig mit Handys besch\u00e4ftigt<\/a> seien, sagte Forssmed. Digitale Technologien h\u00e4tten ihr Gutes, betont die Kommission. Sie erlaubten Kontakte, etwa per Video, die fr\u00fcher unm\u00f6glich waren. Dennoch: &#8222;Es ist sehr wichtig, Orte und R\u00e4ume in unserem Leben zu haben, wo wir von Angesicht zu Angesicht mit anderen Menschen interagieren k\u00f6nnen, ohne von der Technologie abgelenkt zu werden&#8220;, so Murthy.<\/p>\n<p>    Debatte in Deutschland<\/p>\n<p class=\"textabsatz m-ten m-offset-one l-eight l-offset-two columns twelve\">\nAuch in Deutschland wird \u00fcber eine <a href=\"https:\/\/www.tagesschau.de\/inland\/gesellschaft\/handynutzung-kinder-und-jugendliche-100.html\" title=\"Justizministerin will klare Altersgrenze f\u00fcr Social Media\" target=\"_blank\" rel=\"noopener\">Altersgrenze f\u00fcr Social Media<\/a> oder \u00fcber ein <a href=\"https:\/\/www.tagesschau.de\/inland\/innenpolitik\/prien-vorhaben-bildung-100.html\" title=\"Bildungsministerin Prien pl\u00e4diert f\u00fcr Handyverbot und Sprachtests\" target=\"_blank\" rel=\"noopener\">Handyverbot an Schulen<\/a> diskutiert. Einige Bundesl\u00e4nder haben Handys bereits aus den Schulen verbannt. Einheitliche Regeln zur Handynutzung an Schulen gibt es in Deutschland nicht, da Schulen und Bildung in der Kompetenz der L\u00e4nder liegen.<\/p>\n","protected":false},"excerpt":{"rendered":"Stand: 30.06.2025 10:23 Uhr Einsamkeit und soziale Isolation machen k\u00f6rperlich krank. Wie ausgepr\u00e4gt die Problematik weltweit ist, zeigen&hellip;\n","protected":false},"author":2,"featured_media":230851,"comment_status":"","ping_status":"","sticky":false,"template":"","format":"standard","meta":{"footnotes":""},"categories":[3],"tags":[13112,13,288,14,15,12,10,8,9,11,103,5494,104],"class_list":{"0":"post-230850","1":"post","2":"type-post","3":"status-publish","4":"format-standard","5":"has-post-thumbnail","7":"category-welt","8":"tag-einsamkeit","9":"tag-headlines","10":"tag-krankheit","11":"tag-nachrichten","12":"tag-news","13":"tag-schlagzeilen","14":"tag-top-news","15":"tag-top-meldungen","16":"tag-topmeldungen","17":"tag-topnews","18":"tag-welt","19":"tag-who","20":"tag-world"},"share_on_mastodon":{"url":"https:\/\/pubeurope.com\/@de\/114771717159283360","error":""},"_links":{"self":[{"href":"https:\/\/www.europesays.com\/de\/wp-json\/wp\/v2\/posts\/230850","targetHints":{"allow":["GET"]}}],"collection":[{"href":"https:\/\/www.europesays.com\/de\/wp-json\/wp\/v2\/posts"}],"about":[{"href":"https:\/\/www.europesays.com\/de\/wp-json\/wp\/v2\/types\/post"}],"author":[{"embeddable":true,"href":"https:\/\/www.europesays.com\/de\/wp-json\/wp\/v2\/users\/2"}],"replies":[{"embeddable":true,"href":"https:\/\/www.europesays.com\/de\/wp-json\/wp\/v2\/comments?post=230850"}],"version-history":[{"count":0,"href":"https:\/\/www.europesays.com\/de\/wp-json\/wp\/v2\/posts\/230850\/revisions"}],"wp:featuredmedia":[{"embeddable":true,"href":"https:\/\/www.europesays.com\/de\/wp-json\/wp\/v2\/media\/230851"}],"wp:attachment":[{"href":"https:\/\/www.europesays.com\/de\/wp-json\/wp\/v2\/media?parent=230850"}],"wp:term":[{"taxonomy":"category","embeddable":true,"href":"https:\/\/www.europesays.com\/de\/wp-json\/wp\/v2\/categories?post=230850"},{"taxonomy":"post_tag","embeddable":true,"href":"https:\/\/www.europesays.com\/de\/wp-json\/wp\/v2\/tags?post=230850"}],"curies":[{"name":"wp","href":"https:\/\/api.w.org\/{rel}","templated":true}]}}