{"id":230854,"date":"2025-06-30T09:58:15","date_gmt":"2025-06-30T09:58:15","guid":{"rendered":"https:\/\/www.europesays.com\/de\/230854\/"},"modified":"2025-06-30T09:58:15","modified_gmt":"2025-06-30T09:58:15","slug":"aroundtown-vermietet-bueroflaeche-an-dwp-service","status":"publish","type":"post","link":"https:\/\/www.europesays.com\/de\/230854\/","title":{"rendered":"Aroundtown vermietet B\u00fcrofl\u00e4che an dwp Service"},"content":{"rendered":"<p>            <img decoding=\"async\" alt=\"Ein modernes B\u00fcrogeb\u00e4ude mit gro\u00dfen Fenstern und einer Glasfassade, umgeben von B\u00e4umen und einem blauen Himmel im Hintergrund.\" title=\"Ein modernes B\u00fcrogeb\u00e4ude mit gro\u00dfen Fenstern und einer Glasfassade, umgeben von B\u00e4umen und einem blauen Himmel im Hintergrund. (Quelle: Aroundtown)\" src=\"https:\/\/www.europesays.com\/de\/wp-content\/uploads\/2025\/04\/loader-2.png\" v-lazy=\"'https:\/\/hcms.rudolf-mueller.de\/hcms\/v3.1\/entity\/articlepage\/4606680\/media\/MDQ2MDY2ODUvMC8wNkMzQTJDMjhDQkI5RTMzN0NDMDMxRDBCQ0JFNDEyOEQyQkU1RURF\/16-9-800'\"\/><\/p>\n<p>Das B\u00fcrogeb\u00e4ude in der Raffineriestra\u00dfe 28 a in Halle. (Quelle: Aroundtown)<\/p>\n<p class=\"intro\">Neuer Standort f\u00fcr die dwp Service: Aroundtown schlie\u00dft langfristigen Mietvertrag in Halle \u00fcber 2.700 Quadratmeter B\u00fcrofl\u00e4che ab.<\/p>\n<p>Die <b>dwp Service<\/b>, eine Tochtergesellschaft der <b>Deutschen WertpapierService Bank<\/b>, verlegt ihren Standort innerhalb von Halle (Saale). K\u00fcnftig wird das Unternehmen rund 2.700 Quadratmeter B\u00fcrofl\u00e4che im sogenannten Dell-Geb\u00e4ude in der Raffineriestra\u00dfe beziehen. Eigent\u00fcmer der Immobilie ist der b\u00f6rsennotierte Immobilienkonzern <b>Aroundtown<\/b>.<\/p>\n<p>                                 Newsletter-Anmeldung <\/p>\n<p>Die Themen der Branche, zweimal pro Woche in Ihrem Posteingang: Melden Sie sich jetzt f\u00fcr den kostenfreien Newsletter der immobilienmanager-Redaktion an!<\/p>\n<p>Der neue Mietvertrag wurde mit einer Laufzeit von zehn Jahren abgeschlossen. Damit ist eine langfristige Nutzung der Fl\u00e4che gesichert. Das bestehende B\u00fcrogeb\u00e4ude erh\u00e4lt im Zuge der Neuvermietung zus\u00e4tzliche Ausstattungsmerkmale: Um die Barrierefreiheit zu gew\u00e4hrleisten, ist der Einbau eines Au\u00dfenaufzugs vorgesehen. Zudem stehen ausreichend Pkw-Stellpl\u00e4tze zur Verf\u00fcgung, darunter auch Ladepunkte f\u00fcr Elektrofahrzeuge.<\/p>\n<p>Das B\u00fcroobjekt befindet sich in innenstadtnaher Lage, rund 650 Meter vom Hauptbahnhof entfernt. Es ist \u00fcber den \u00d6PNV sowie die Bundesautobahnen A9, A14 und die B6 gut an den Fernverkehr angebunden. Auch der Flughafen Halle\/Leipzig ist schnell erreichbar.Als direkter Nachbar bleibt das Technologieunternehmen Dell weiterhin Mieter im Geb\u00e4ude. Mit der dwp Service gewinnt der Standort damit einen weiteren institutionellen Nutzer.<\/p>\n<p>Aroundtown hebt in diesem Zusammenhang sein Servicekonzept hervor: Mieter profitieren unter anderem von pers\u00f6nlichen Ansprechpartnern vor Ort sowie einem zentralen 24\/7-Service-Center mit geschultem Personal.<\/p>\n<p> Auch interessant:  <\/p>\n<p>                        <img decoding=\"async\" alt=\"Angelika Polle-Valder\" class=\"autor-image\" src=\"https:\/\/www.europesays.com\/de\/wp-content\/uploads\/2025\/06\/1751277495_946_1-1-100.jpeg\"\/><\/p>\n<p>\n                <strong><br \/>\n                    Autorin<br \/>\n                    Angelika Polle-Valder<br \/>\n                <\/strong><br \/>\n                Team immobilienmanager<\/p>\n","protected":false},"excerpt":{"rendered":"Das B\u00fcrogeb\u00e4ude in der Raffineriestra\u00dfe 28 a in Halle. (Quelle: Aroundtown) Neuer Standort f\u00fcr die dwp Service: Aroundtown&hellip;\n","protected":false},"author":2,"featured_media":230855,"comment_status":"","ping_status":"","sticky":false,"template":"","format":"standard","meta":{"footnotes":""},"categories":[1860],"tags":[3364,29,548,663,3934,30,4062,17332,13,14,15,17331,860,12],"class_list":{"0":"post-230854","1":"post","2":"type-post","3":"status-publish","4":"format-standard","5":"has-post-thumbnail","7":"category-halle-saale","8":"tag-de","9":"tag-deutschland","10":"tag-eu","11":"tag-europa","12":"tag-europe","13":"tag-germany","14":"tag-halle","15":"tag-halle-saale","16":"tag-headlines","17":"tag-nachrichten","18":"tag-news","19":"tag-saale","20":"tag-sachsen-anhalt","21":"tag-schlagzeilen"},"share_on_mastodon":{"url":"https:\/\/pubeurope.com\/@de\/114771729081400140","error":""},"_links":{"self":[{"href":"https:\/\/www.europesays.com\/de\/wp-json\/wp\/v2\/posts\/230854","targetHints":{"allow":["GET"]}}],"collection":[{"href":"https:\/\/www.europesays.com\/de\/wp-json\/wp\/v2\/posts"}],"about":[{"href":"https:\/\/www.europesays.com\/de\/wp-json\/wp\/v2\/types\/post"}],"author":[{"embeddable":true,"href":"https:\/\/www.europesays.com\/de\/wp-json\/wp\/v2\/users\/2"}],"replies":[{"embeddable":true,"href":"https:\/\/www.europesays.com\/de\/wp-json\/wp\/v2\/comments?post=230854"}],"version-history":[{"count":0,"href":"https:\/\/www.europesays.com\/de\/wp-json\/wp\/v2\/posts\/230854\/revisions"}],"wp:featuredmedia":[{"embeddable":true,"href":"https:\/\/www.europesays.com\/de\/wp-json\/wp\/v2\/media\/230855"}],"wp:attachment":[{"href":"https:\/\/www.europesays.com\/de\/wp-json\/wp\/v2\/media?parent=230854"}],"wp:term":[{"taxonomy":"category","embeddable":true,"href":"https:\/\/www.europesays.com\/de\/wp-json\/wp\/v2\/categories?post=230854"},{"taxonomy":"post_tag","embeddable":true,"href":"https:\/\/www.europesays.com\/de\/wp-json\/wp\/v2\/tags?post=230854"}],"curies":[{"name":"wp","href":"https:\/\/api.w.org\/{rel}","templated":true}]}}