{"id":230860,"date":"2025-06-30T10:01:11","date_gmt":"2025-06-30T10:01:11","guid":{"rendered":"https:\/\/www.europesays.com\/de\/230860\/"},"modified":"2025-06-30T10:01:11","modified_gmt":"2025-06-30T10:01:11","slug":"wie-sich-der-kita-platz-abbau-in-chemnitz-fuer-eltern-anfuehlt","status":"publish","type":"post","link":"https:\/\/www.europesays.com\/de\/230860\/","title":{"rendered":"Wie sich der Kita-Platz-Abbau in Chemnitz f\u00fcr Eltern anf\u00fchlt"},"content":{"rendered":"<p class=\"bold\">\n\t\t\t\t\t\t\t\t\t\tWeil die Stadt Kita-Pl\u00e4tze abbauen muss, r\u00fcckt der Stadtteil Kappel in den Fokus. Zwei Tr\u00e4ger schlugen ein Konzept vor. Das Ergebnis f\u00fchrt bei machen Eltern zu Tr\u00e4nen.\t\t\t\t<\/p>\n<p>\t\t\t\t Die E-Mails kamen kurz nacheinander am Montagabend an. Nina (Name ge\u00e4ndert) und ihr Freund konnten es nicht glauben. In der ersten Mail wird ihnen erkl\u00e4rt, dass die Stadt Kita-Pl\u00e4tze abbauen muss und auch die Kita ihres Kindes betroffen ist. Wenig sp\u00e4ter steht in einer weiteren, dass ihr Kind per Losverfahren ausgew\u00e4hlt wurde und ab dem 1&#8230;.<\/p>\n<p>\t\t<img decoding=\"async\" class=\"fp-plus-logo\" src=\"https:\/\/www.freiepresse.de\/img\/fpplus.svg\" alt=\"Freie Presse plus Logo\"\/><\/p>\n<p>Registrieren und testen.<\/p>\n<p>Jetzt mit Ihrer Registrierung 1 Monat gratis testen und alle Beitr\u00e4ge lesen.<\/p>\n<p>Schon Abonnent? Melden Sie sich mit ihren Zugangsdaten an.<\/p>\n","protected":false},"excerpt":{"rendered":"Weil die Stadt Kita-Pl\u00e4tze abbauen muss, r\u00fcckt der Stadtteil Kappel in den Fokus. Zwei Tr\u00e4ger schlugen ein Konzept&hellip;\n","protected":false},"author":2,"featured_media":230861,"comment_status":"","ping_status":"","sticky":false,"template":"","format":"standard","meta":{"footnotes":""},"categories":[1851],"tags":[4568,2770,3364,29,548,663,3934,30,13,14,15,859,12],"class_list":{"0":"post-230860","1":"post","2":"type-post","3":"status-publish","4":"format-standard","5":"has-post-thumbnail","7":"category-chemnitz","8":"tag-schulen","9":"tag-chemnitz","10":"tag-de","11":"tag-deutschland","12":"tag-eu","13":"tag-europa","14":"tag-europe","15":"tag-germany","16":"tag-headlines","17":"tag-nachrichten","18":"tag-news","19":"tag-sachsen","20":"tag-schlagzeilen"},"share_on_mastodon":{"url":"https:\/\/pubeurope.com\/@de\/114771740947763640","error":""},"_links":{"self":[{"href":"https:\/\/www.europesays.com\/de\/wp-json\/wp\/v2\/posts\/230860","targetHints":{"allow":["GET"]}}],"collection":[{"href":"https:\/\/www.europesays.com\/de\/wp-json\/wp\/v2\/posts"}],"about":[{"href":"https:\/\/www.europesays.com\/de\/wp-json\/wp\/v2\/types\/post"}],"author":[{"embeddable":true,"href":"https:\/\/www.europesays.com\/de\/wp-json\/wp\/v2\/users\/2"}],"replies":[{"embeddable":true,"href":"https:\/\/www.europesays.com\/de\/wp-json\/wp\/v2\/comments?post=230860"}],"version-history":[{"count":0,"href":"https:\/\/www.europesays.com\/de\/wp-json\/wp\/v2\/posts\/230860\/revisions"}],"wp:featuredmedia":[{"embeddable":true,"href":"https:\/\/www.europesays.com\/de\/wp-json\/wp\/v2\/media\/230861"}],"wp:attachment":[{"href":"https:\/\/www.europesays.com\/de\/wp-json\/wp\/v2\/media?parent=230860"}],"wp:term":[{"taxonomy":"category","embeddable":true,"href":"https:\/\/www.europesays.com\/de\/wp-json\/wp\/v2\/categories?post=230860"},{"taxonomy":"post_tag","embeddable":true,"href":"https:\/\/www.europesays.com\/de\/wp-json\/wp\/v2\/tags?post=230860"}],"curies":[{"name":"wp","href":"https:\/\/api.w.org\/{rel}","templated":true}]}}