{"id":230881,"date":"2025-06-30T10:13:16","date_gmt":"2025-06-30T10:13:16","guid":{"rendered":"https:\/\/www.europesays.com\/de\/230881\/"},"modified":"2025-06-30T10:13:16","modified_gmt":"2025-06-30T10:13:16","slug":"pol-bi-hundehalter-schubst-fahrradfahrer-ins-gebuesch","status":"publish","type":"post","link":"https:\/\/www.europesays.com\/de\/230881\/","title":{"rendered":"POL-BI: Hundehalter schubst Fahrradfahrer ins Geb\u00fcsch"},"content":{"rendered":"<p class=\"date\">30.06.2025 \u2013 11:53<\/p>\n<p class=\"customer\">\n                        <a class=\"story-customer\" title=\"weiter zum newsroom von Polizei Bielefeld\" href=\"https:\/\/www.presseportal.de\/blaulicht\/nr\/12522\" rel=\"nofollow noopener\" target=\"_blank\">Polizei Bielefeld<\/a>\n                    <\/p>\n<p><a data-category=\"citylink-story-view\" data-action=\"click\" data-label=\"Citylink in Meldungsansicht\" class=\"story-city event-trigger\" href=\"https:\/\/www.presseportal.de\/regional\/Bielefeld\" title=\"News aus Bielefeld \" rel=\"nofollow noopener\" target=\"_blank\">Bielefeld<\/a> (ots)<\/p>\n<p>SI \/ Bielefeld \/ Brackwede &#8211; Am Sonntag, 29.06.2025, kam es am S\u00fcdring bei einem Streit um einen nicht angeleinten Hund zu einer k\u00f6rperlichen Auseinandersetzung. Ein Bielefelder erlitt leichte Verletzungen.<\/p>\n<p>Der 62-j\u00e4hrige Bielefelder fuhr gegen 10:30 Uhr mit seinem Fahrrad durch einen Park in der N\u00e4he der Duisburger Stra\u00dfe. Auf einem schmalen Fu\u00df- und Radweg kam ihm ein Mann mit einem freilaufenden Hund entgegen. Auch nachdem ihn der Hundehalter bemerkt hatte, nahm er seinen Vierbeiner nicht an die Leine.<\/p>\n<p>Der Hund lief daraufhin auf den Radfahrer zu. Der Bielefelder konnte nur durch eine Notbremsung einen Zusammensto\u00df verhindern. Der Hundehalter warf nun dem Radfahrer vor, seinen Hund angegriffen zu haben. Er schlug ihm mit der Faust ins Gesicht, woraufhin der Bielefelder mit seinem Fahrrad ins Geb\u00fcsch fiel.<\/p>\n<p>Der unbekannte Mann entfernte sich, ohne sich um den Radfahrer zu k\u00fcmmern. Der leichtverletzte Bielefelder stand nach einiger Zeit auf und begab sich zur Polizeiwache, um Anzeige zu erstatten.<\/p>\n<p>Der Hundehalter war etwa 1,80 Meter gro\u00df und circa 40 Jahre alt. Er hatte kurze, dunkle Haare und einen ungepflegten Bart. Au\u00dferdem soll er ein s\u00fcdl\u00e4ndisches Erscheinungsbild haben.<\/p>\n<p>Der Hund war etwa kniehoch und hatte ein braunes, gelocktes Fell.<\/p>\n<p>Hinweise zu dem Mann nimmt das Kriminalkommissariat 33 unter der 0521\/545-0 entgegen.<\/p>\n<p class=\"contact-headline\">R\u00fcckfragen von Journalisten bitte an:<\/p>\n<p class=\"contact-text\">Polizeipr\u00e4sidium Bielefeld<br \/>Leitungsstab\/ Presse- und \u00d6ffentlichkeitsarbeit<br \/>Kurt-Schumacher-Stra\u00dfe 46<br \/>33615 Bielefeld<\/p>\n<p>Sonja Rehmert (SR), Tel. 0521\/545-3020<br \/>Katja K\u00fcster (KK), Tel. 0521\/545-3195<br \/>Sarah Siedschlag (SI), Tel. 0521\/545-3021<br \/>Michael K\u00f6tter (MK), Tel. 0521\/545-3022<br \/>Hella Christoph (HC), Tel. 0521\/545-3023<br \/>Fabian Rickel (FR), Tel. 0521\/545-3024<br \/>Caroline Steffen (CS), Tel. 0521\/545-3026<br \/>Lukas Reker (LR), Tel. 0521\/545-3222<br \/>Jan Grote (JG), Tel. 0521\/545-3235<\/p>\n<p>E-Mail: <a href=\"https:\/\/www.presseportal.de\/blaulicht\/pm\/12522\/mailto: pressestelle.bielefeld@polizei.nrw.de\" class=\"uri-mailto\" rel=\"nofollow noopener\" target=\"_blank\"> pressestelle.bielefeld@polizei.nrw.de<\/a><br \/><a target=\"_blank\" class=\"uri-ext outbound\" rel=\"noopener nofollow\" href=\"https:\/\/bielefeld.polizei.nrw\/\">https:\/\/bielefeld.polizei.nrw\/<\/a><\/p>\n<p>Au\u00dferhalb der B\u00fcrodienstzeit: Leitstelle, Tel. 0521\/545-0<\/p>\n<p class=\"originator\">Original-Content von: Polizei Bielefeld, \u00fcbermittelt durch news aktuell<\/p>\n","protected":false},"excerpt":{"rendered":"30.06.2025 \u2013 11:53 Polizei Bielefeld Bielefeld (ots) SI \/ Bielefeld \/ Brackwede &#8211; Am Sonntag, 29.06.2025, kam es&hellip;\n","protected":false},"author":2,"featured_media":108,"comment_status":"","ping_status":"","sticky":false,"template":"","format":"standard","meta":{"footnotes":""},"categories":[1841],"tags":[1605,3364,29,30,177,1209,176,121,178,180,179,181],"class_list":{"0":"post-230881","1":"post","2":"type-post","3":"status-publish","4":"format-standard","5":"has-post-thumbnail","7":"category-bielefeld","8":"tag-bielefeld","9":"tag-de","10":"tag-deutschland","11":"tag-germany","12":"tag-kriminalitt","13":"tag-nordrhein-westfalen","14":"tag-nrw","15":"tag-polizei","16":"tag-presse","17":"tag-pressemeldung","18":"tag-pressemitteilung","19":"tag-pressemitteilungen"},"share_on_mastodon":{"url":"https:\/\/pubeurope.com\/@de\/114771788231188938","error":""},"_links":{"self":[{"href":"https:\/\/www.europesays.com\/de\/wp-json\/wp\/v2\/posts\/230881","targetHints":{"allow":["GET"]}}],"collection":[{"href":"https:\/\/www.europesays.com\/de\/wp-json\/wp\/v2\/posts"}],"about":[{"href":"https:\/\/www.europesays.com\/de\/wp-json\/wp\/v2\/types\/post"}],"author":[{"embeddable":true,"href":"https:\/\/www.europesays.com\/de\/wp-json\/wp\/v2\/users\/2"}],"replies":[{"embeddable":true,"href":"https:\/\/www.europesays.com\/de\/wp-json\/wp\/v2\/comments?post=230881"}],"version-history":[{"count":0,"href":"https:\/\/www.europesays.com\/de\/wp-json\/wp\/v2\/posts\/230881\/revisions"}],"wp:featuredmedia":[{"embeddable":true,"href":"https:\/\/www.europesays.com\/de\/wp-json\/wp\/v2\/media\/108"}],"wp:attachment":[{"href":"https:\/\/www.europesays.com\/de\/wp-json\/wp\/v2\/media?parent=230881"}],"wp:term":[{"taxonomy":"category","embeddable":true,"href":"https:\/\/www.europesays.com\/de\/wp-json\/wp\/v2\/categories?post=230881"},{"taxonomy":"post_tag","embeddable":true,"href":"https:\/\/www.europesays.com\/de\/wp-json\/wp\/v2\/tags?post=230881"}],"curies":[{"name":"wp","href":"https:\/\/api.w.org\/{rel}","templated":true}]}}