{"id":230937,"date":"2025-06-30T10:47:08","date_gmt":"2025-06-30T10:47:08","guid":{"rendered":"https:\/\/www.europesays.com\/de\/230937\/"},"modified":"2025-06-30T10:47:08","modified_gmt":"2025-06-30T10:47:08","slug":"hitzewarnung-bis-39-grad-und-wann-es-abkuehlt","status":"publish","type":"post","link":"https:\/\/www.europesays.com\/de\/230937\/","title":{"rendered":"Hitzewarnung bis 39 Grad und wann es abk\u00fchlt"},"content":{"rendered":"<p class=\"text_ohne_einzug richtext text-em-55 !leading-serif mx-6 desktop:mx-0\">  D\u00fcsseldorfern stehen hei\u00dfe Tage bevor. Der Deutsche Wetterdienst (DWD) hat auch f\u00fcr die Landeshauptstadt amtliche Hitzewarnungen ausgesprochen. Bereits am Montag startet die Woche mit Temperaturen bis 33 Grad. Besonders im dicht bebauten Stadtgebiet von D\u00fcsseldorf bleibt auch die n\u00e4chtliche Abk\u00fchlung aus, was zus\u00e4tzliche Hitzebelastung bedeutet, hei\u00dft es vom DWD. Noch w\u00e4rmer wird es am Dienstag, f\u00fcr den der DWD ebenfalls von einer starken W\u00e4rmebelastung  bis 19 Uhr ausgeht. Hier k\u00fcndigen sich Temperaturen bis 37 Grad an. Voraussichtlicher H\u00f6hepunkt der Hitze ist am Mittwoch. Dann ist auch mit extremer W\u00e4rmebelastung zu rechnen, 39 Grad sind hier m\u00f6glich.<\/p>\n","protected":false},"excerpt":{"rendered":"D\u00fcsseldorfern stehen hei\u00dfe Tage bevor. Der Deutsche Wetterdienst (DWD) hat auch f\u00fcr die Landeshauptstadt amtliche Hitzewarnungen ausgesprochen. Bereits&hellip;\n","protected":false},"author":2,"featured_media":230938,"comment_status":"","ping_status":"","sticky":false,"template":"","format":"standard","meta":{"footnotes":""},"categories":[1831],"tags":[72869,3364,29,3405,4906,30,16170,11607,61772,72868,17052,1209,4747,38348,4748,67380],"class_list":{"0":"post-230937","1":"post","2":"type-post","3":"status-publish","4":"format-standard","5":"has-post-thumbnail","7":"category-duesseldorf","8":"tag-amtliche","9":"tag-de","10":"tag-deutschland","11":"tag-duesseldorf","12":"tag-dwd","13":"tag-germany","14":"tag-grad","15":"tag-hitze","16":"tag-hitzebelastung","17":"tag-hitzewarnungen","18":"tag-hoehen","19":"tag-nordrhein-westfalen","20":"tag-sonne","21":"tag-sonnenschutz","22":"tag-temperaturen","23":"tag-waermebelastung"},"share_on_mastodon":{"url":"https:\/\/pubeurope.com\/@de\/114771921915989433","error":""},"_links":{"self":[{"href":"https:\/\/www.europesays.com\/de\/wp-json\/wp\/v2\/posts\/230937","targetHints":{"allow":["GET"]}}],"collection":[{"href":"https:\/\/www.europesays.com\/de\/wp-json\/wp\/v2\/posts"}],"about":[{"href":"https:\/\/www.europesays.com\/de\/wp-json\/wp\/v2\/types\/post"}],"author":[{"embeddable":true,"href":"https:\/\/www.europesays.com\/de\/wp-json\/wp\/v2\/users\/2"}],"replies":[{"embeddable":true,"href":"https:\/\/www.europesays.com\/de\/wp-json\/wp\/v2\/comments?post=230937"}],"version-history":[{"count":0,"href":"https:\/\/www.europesays.com\/de\/wp-json\/wp\/v2\/posts\/230937\/revisions"}],"wp:featuredmedia":[{"embeddable":true,"href":"https:\/\/www.europesays.com\/de\/wp-json\/wp\/v2\/media\/230938"}],"wp:attachment":[{"href":"https:\/\/www.europesays.com\/de\/wp-json\/wp\/v2\/media?parent=230937"}],"wp:term":[{"taxonomy":"category","embeddable":true,"href":"https:\/\/www.europesays.com\/de\/wp-json\/wp\/v2\/categories?post=230937"},{"taxonomy":"post_tag","embeddable":true,"href":"https:\/\/www.europesays.com\/de\/wp-json\/wp\/v2\/tags?post=230937"}],"curies":[{"name":"wp","href":"https:\/\/api.w.org\/{rel}","templated":true}]}}